{"id":3870,"date":"2021-09-10T17:20:00","date_gmt":"2021-09-10T17:20:00","guid":{"rendered":"http:\/\/www.idene.mg.gov.br\/site\/2021\/09\/10\/francisco-dumont-recebe-seis-kits-especiais-de-abastecimento-do-idene\/"},"modified":"2023-07-03T14:43:58","modified_gmt":"2023-07-03T17:43:58","slug":"francisco-dumont-recebe-seis-kits-especiais-de-abastecimento-do-idene","status":"publish","type":"post","link":"http:\/\/www.idene.mg.gov.br\/site\/francisco-dumont-recebe-seis-kits-especiais-de-abastecimento-do-idene\/","title":{"rendered":"Francisco Dumont recebe seis kits especiais de abastecimento do Idene"},"content":{"rendered":"<div dir=\"auto\" style=\"font-family: inherit;\">A doa\u00e7\u00e3o do Idene ao munic\u00edpio de Francisco Dumont\u00a0foi recebida em Diamantina pelo prefeito Eduardo Rabelo e assessores. Pelo Idene estiveram presentes o diretor regional do Norte, Guila Ramos, e os coordenadores regionais de Montes Claros, Wendel Souza, e de Diamantina, Wander Baracho.<\/div>\n<div dir=\"auto\" style=\"font-family: inherit;\"><\/div>\n<div dir=\"auto\" style=\"font-family: inherit;\">Os seis kits especiais s\u00e3o compostos de reservat\u00f3rios de 15 mil litros e 1800 metros de tubos. Eles haviam sido autorizados em reuni\u00e3o do prefeito Eduardo Rabelo e o diretor-geral do Idene, Nilson Borges, em Belo Horizonte. Durante a entrega dos equipamentos que v\u00e3o atender comunidades rurais, o regional Guila Ramos ressaltou o esfor\u00e7o do governo Romeu Zema. \u201cEstamos concluindo as entregas, seguindo todos os tr\u00e2mites legais, para que muitas fam\u00edlias possam ter acesso \u00e0 \u00e1gua nesse per\u00edodo t\u00e3o dif\u00edcil\u201d, disse.<\/div>\n<div dir=\"auto\" style=\"font-family: inherit;\"><\/div>\n<div style=\"margin: 0.5em 0px 0px; white-space: pre-wrap; font-family: 'Segoe UI Historic', 'Segoe UI', Helvetica, Arial, sans-serif; color: #050505; font-size: 15px; background-color: #ffffff;\">\n<div dir=\"auto\" style=\"font-family: inherit;\">Nilson Borges observou que o Idene est\u00e1 fazendo o m\u00e1ximo de entregas, pois as prefeituras precisam instalar os kits. \u201cExistem lugares em que h\u00e1 forma de capta\u00e7\u00e3o da \u00e1gua, mas n\u00e3o existem reservat\u00f3rios e tubos, por isso estamos dando agilidade a esse processo\u201d, finalizou Borges.<\/div>\n<div dir=\"auto\" style=\"font-family: inherit;\"><\/div>\n<div dir=\"auto\" style=\"font-family: inherit;\"><img decoding=\"async\" loading=\"lazy\" class=\"alignnone wp-image-4204 size-full\" src=\"http:\/\/www.idene.mg.gov.br\/site\/wp-content\/uploads\/2021\/09\/Francisco-Dumont-recebe-seis-kits-especiais-de-abastecimento-do-Idene-01.jpg\" alt=\"\" width=\"1279\" height=\"853\" srcset=\"http:\/\/www.idene.mg.gov.br\/site\/wp-content\/uploads\/2021\/09\/Francisco-Dumont-recebe-seis-kits-especiais-de-abastecimento-do-Idene-01.jpg 1279w, http:\/\/www.idene.mg.gov.br\/site\/wp-content\/uploads\/2021\/09\/Francisco-Dumont-recebe-seis-kits-especiais-de-abastecimento-do-Idene-01-300x200.jpg 300w, http:\/\/www.idene.mg.gov.br\/site\/wp-content\/uploads\/2021\/09\/Francisco-Dumont-recebe-seis-kits-especiais-de-abastecimento-do-Idene-01-1030x687.jpg 1030w, http:\/\/www.idene.mg.gov.br\/site\/wp-content\/uploads\/2021\/09\/Francisco-Dumont-recebe-seis-kits-especiais-de-abastecimento-do-Idene-01-768x512.jpg 768w, http:\/\/www.idene.mg.gov.br\/site\/wp-content\/uploads\/2021\/09\/Francisco-Dumont-recebe-seis-kits-especiais-de-abastecimento-do-Idene-01-705x470.jpg 705w, http:\/\/www.idene.mg.gov.br\/site\/wp-content\/uploads\/2021\/09\/Francisco-Dumont-recebe-seis-kits-especiais-de-abastecimento-do-Idene-01-750x500.jpg 750w, http:\/\/www.idene.mg.gov.br\/site\/wp-content\/uploads\/2021\/09\/Francisco-Dumont-recebe-seis-kits-especiais-de-abastecimento-do-Idene-01-1140x760.jpg 1140w\" sizes=\"(max-width: 1279px) 100vw, 1279px\" \/><\/div>\n<div dir=\"auto\" style=\"font-family: inherit;\"><\/div>\n<\/div>\n","protected":false},"excerpt":{"rendered":"<p>A doa&ccedil;&atilde;o do Idene ao munic&iacute;pio de Francisco Dumont&nbsp;foi recebida em Diamantina pelo prefeito Eduardo Rabelo e assessores. Pelo Idene estiveram presentes o diretor regional do Norte, Guila Ramos, e os coordenadores regionais de Montes Claros, Wendel Souza, e de Diamantina, Wander Baracho. Os seis kits especiais s&atilde;o compostos de reservat&oacute;rios de 15 mil litros [&hellip;]<\/p>\n","protected":false},"author":1,"featured_media":0,"comment_status":"open","ping_status":"open","sticky":false,"template":"","format":"standard","meta":{"kia_subtitle":"","_FSMCFIC_featured_image_caption":"","_FSMCFIC_featured_image_nocaption":"","_FSMCFIC_featured_image_hide":""},"categories":[1],"tags":[],"_links":{"self":[{"href":"http:\/\/www.idene.mg.gov.br\/site\/wp-json\/wp\/v2\/posts\/3870"}],"collection":[{"href":"http:\/\/www.idene.mg.gov.br\/site\/wp-json\/wp\/v2\/posts"}],"about":[{"href":"http:\/\/www.idene.mg.gov.br\/site\/wp-json\/wp\/v2\/types\/post"}],"author":[{"embeddable":true,"href":"http:\/\/www.idene.mg.gov.br\/site\/wp-json\/wp\/v2\/users\/1"}],"replies":[{"embeddable":true,"href":"http:\/\/www.idene.mg.gov.br\/site\/wp-json\/wp\/v2\/comments?post=3870"}],"version-history":[{"count":2,"href":"http:\/\/www.idene.mg.gov.br\/site\/wp-json\/wp\/v2\/posts\/3870\/revisions"}],"predecessor-version":[{"id":4205,"href":"http:\/\/www.idene.mg.gov.br\/site\/wp-json\/wp\/v2\/posts\/3870\/revisions\/4205"}],"wp:attachment":[{"href":"http:\/\/www.idene.mg.gov.br\/site\/wp-json\/wp\/v2\/media?parent=3870"}],"wp:term":[{"taxonomy":"category","embeddable":true,"href":"http:\/\/www.idene.mg.gov.br\/site\/wp-json\/wp\/v2\/categories?post=3870"},{"taxonomy":"post_tag","embeddable":true,"href":"http:\/\/www.idene.mg.gov.br\/site\/wp-json\/wp\/v2\/tags?post=3870"}],"curies":[{"name":"wp","href":"https:\/\/api.w.org\/{rel}","templated":true}]}}