{"id":3884,"date":"2021-08-19T19:20:00","date_gmt":"2021-08-19T19:20:00","guid":{"rendered":"http:\/\/www.idene.mg.gov.br\/site\/2021\/08\/19\/idene-doa-balancas-eletronicas-para-o-municipio-de-salto-da-divisa\/"},"modified":"2023-07-04T11:10:20","modified_gmt":"2023-07-04T14:10:20","slug":"idene-doa-balancas-eletronicas-para-o-municipio-de-salto-da-divisa","status":"publish","type":"post","link":"http:\/\/www.idene.mg.gov.br\/site\/idene-doa-balancas-eletronicas-para-o-municipio-de-salto-da-divisa\/","title":{"rendered":"Idene doa balan\u00e7as eletr\u00f4nicas para o munic\u00edpio de Salto da Divisa"},"content":{"rendered":"<p><span style=\"color: #050505; font-family: 'Segoe UI Historic', 'Segoe UI', Helvetica, Arial, sans-serif; font-size: 15px; background-color: #ffffff;\">O escrit\u00f3rio regional do Idene \u2013 em Ara\u00e7ua\u00ed (Vale do Jequitinhonha) \u2013 entregou 12 balan\u00e7as eletr\u00f4nicas, nessa quinta-feira (19\/8), ao munic\u00edpio de Salto da Divisa na mesma regi\u00e3o. Os equipamentos foram entregues pelo servidor Jos\u00e9 Am\u00edlcar (Idene) ser\u00e3o utilizados por agricultores familiares nas feiras livres.<\/span><br style=\"color: #050505; font-family: 'Segoe UI Historic', 'Segoe UI', Helvetica, Arial, sans-serif; font-size: 15px; background-color: #ffffff;\" \/><br style=\"color: #050505; font-family: 'Segoe UI Historic', 'Segoe UI', Helvetica, Arial, sans-serif; font-size: 15px; background-color: #ffffff;\" \/><span style=\"color: #050505; font-family: 'Segoe UI Historic', 'Segoe UI', Helvetica, Arial, sans-serif; font-size: 15px; background-color: #ffffff;\">O apoio \u00e0 agricultura familiar \u00e9 uma pr\u00e1tica do Idene, que tamb\u00e9m distribuiu barracas a outros munic\u00edpios da sua \u00e1rea de abrang\u00eancia composta pelas regi\u00f5es Norte, Nordeste e Vale do Rio Doce. \u201cA gente apoia e estimula a agricultura familiar, bem como as compras sociais, pois isso \u00e9 desenvolvimento econ\u00f4mico e social, como recomenda o governador Romeu Zema\u201d, disse o subsecret\u00e1rio da Sede e diretor-geral do Idene, Nilson Borges. Salto da Divisa est\u00e1 localizado no Vale do Jequitinhonha e sua popula\u00e7\u00e3o estimada \u00e9 de 7 mil habitantes.] \u00c9 o munic\u00edpio mais oriental de Minas Gerais e tamb\u00e9m o mais distante da capital, ou seja, 877 km.<\/span><\/p>\n<p><img decoding=\"async\" loading=\"lazy\" class=\"alignnone wp-image-4289 size-full\" src=\"http:\/\/www.idene.mg.gov.br\/site\/wp-content\/uploads\/2021\/08\/Idene-doa-balancas-eletronicas-para-o-municipio-de-Salto-da-Divisa-01.jpg\" alt=\"\" width=\"1040\" height=\"780\" srcset=\"http:\/\/www.idene.mg.gov.br\/site\/wp-content\/uploads\/2021\/08\/Idene-doa-balancas-eletronicas-para-o-municipio-de-Salto-da-Divisa-01.jpg 1040w, http:\/\/www.idene.mg.gov.br\/site\/wp-content\/uploads\/2021\/08\/Idene-doa-balancas-eletronicas-para-o-municipio-de-Salto-da-Divisa-01-300x225.jpg 300w, http:\/\/www.idene.mg.gov.br\/site\/wp-content\/uploads\/2021\/08\/Idene-doa-balancas-eletronicas-para-o-municipio-de-Salto-da-Divisa-01-1030x773.jpg 1030w, http:\/\/www.idene.mg.gov.br\/site\/wp-content\/uploads\/2021\/08\/Idene-doa-balancas-eletronicas-para-o-municipio-de-Salto-da-Divisa-01-80x60.jpg 80w, http:\/\/www.idene.mg.gov.br\/site\/wp-content\/uploads\/2021\/08\/Idene-doa-balancas-eletronicas-para-o-municipio-de-Salto-da-Divisa-01-768x576.jpg 768w, http:\/\/www.idene.mg.gov.br\/site\/wp-content\/uploads\/2021\/08\/Idene-doa-balancas-eletronicas-para-o-municipio-de-Salto-da-Divisa-01-705x529.jpg 705w, http:\/\/www.idene.mg.gov.br\/site\/wp-content\/uploads\/2021\/08\/Idene-doa-balancas-eletronicas-para-o-municipio-de-Salto-da-Divisa-01-750x563.jpg 750w\" sizes=\"(max-width: 1040px) 100vw, 1040px\" \/><\/p>\n","protected":false},"excerpt":{"rendered":"<p>O escrit&oacute;rio regional do Idene &ndash; em Ara&ccedil;ua&iacute; (Vale do Jequitinhonha) &ndash; entregou 12 balan&ccedil;as eletr&ocirc;nicas, nessa quinta-feira (19\/8), ao munic&iacute;pio de Salto da Divisa na mesma regi&atilde;o. Os equipamentos foram entregues pelo servidor Jos&eacute; Am&iacute;lcar (Idene) ser&atilde;o utilizados por agricultores familiares nas feiras livres.O apoio &agrave; agricultura familiar &eacute; uma pr&aacute;tica do Idene, que [&hellip;]<\/p>\n","protected":false},"author":1,"featured_media":4289,"comment_status":"open","ping_status":"open","sticky":false,"template":"","format":"standard","meta":{"kia_subtitle":"","_FSMCFIC_featured_image_caption":"","_FSMCFIC_featured_image_nocaption":"","_FSMCFIC_featured_image_hide":""},"categories":[1],"tags":[],"_links":{"self":[{"href":"http:\/\/www.idene.mg.gov.br\/site\/wp-json\/wp\/v2\/posts\/3884"}],"collection":[{"href":"http:\/\/www.idene.mg.gov.br\/site\/wp-json\/wp\/v2\/posts"}],"about":[{"href":"http:\/\/www.idene.mg.gov.br\/site\/wp-json\/wp\/v2\/types\/post"}],"author":[{"embeddable":true,"href":"http:\/\/www.idene.mg.gov.br\/site\/wp-json\/wp\/v2\/users\/1"}],"replies":[{"embeddable":true,"href":"http:\/\/www.idene.mg.gov.br\/site\/wp-json\/wp\/v2\/comments?post=3884"}],"version-history":[{"count":2,"href":"http:\/\/www.idene.mg.gov.br\/site\/wp-json\/wp\/v2\/posts\/3884\/revisions"}],"predecessor-version":[{"id":4282,"href":"http:\/\/www.idene.mg.gov.br\/site\/wp-json\/wp\/v2\/posts\/3884\/revisions\/4282"}],"wp:featuredmedia":[{"embeddable":true,"href":"http:\/\/www.idene.mg.gov.br\/site\/wp-json\/wp\/v2\/media\/4289"}],"wp:attachment":[{"href":"http:\/\/www.idene.mg.gov.br\/site\/wp-json\/wp\/v2\/media?parent=3884"}],"wp:term":[{"taxonomy":"category","embeddable":true,"href":"http:\/\/www.idene.mg.gov.br\/site\/wp-json\/wp\/v2\/categories?post=3884"},{"taxonomy":"post_tag","embeddable":true,"href":"http:\/\/www.idene.mg.gov.br\/site\/wp-json\/wp\/v2\/tags?post=3884"}],"curies":[{"name":"wp","href":"https:\/\/api.w.org\/{rel}","templated":true}]}}