{"id":3907,"date":"2021-07-06T16:05:00","date_gmt":"2021-07-06T16:05:00","guid":{"rendered":"http:\/\/www.idene.mg.gov.br\/site\/2021\/07\/06\/idene-regional-norte-recebe-lideranca-politica-de-montes-claros\/"},"modified":"2023-07-04T12:56:20","modified_gmt":"2023-07-04T15:56:20","slug":"idene-regional-norte-recebe-lideranca-politica-de-montes-claros","status":"publish","type":"post","link":"http:\/\/www.idene.mg.gov.br\/site\/idene-regional-norte-recebe-lideranca-politica-de-montes-claros\/","title":{"rendered":"Idene (Regional Norte) recebe lideran\u00e7a pol\u00edtica de Montes Claros"},"content":{"rendered":"<div dir=\"auto\">\n<div dir=\"auto\">Ao cumprir orienta\u00e7\u00e3o do governador Romeu Zema e do diretor-geral do Idene, Nilson Borges, de que todos sejam atendidos, independentemente de cor partid\u00e1ria, o diretor regional do Idene na regi\u00e3o Norte, Guila Ramos e o coordenador regional de Montes Claros, Wendel Souza, receberam o vereador montes-clarense, pastor Edmilson, nessa segunda-feira (5\/7).<\/div>\n<div dir=\"auto\"><\/div>\n<div>\n<div dir=\"auto\">O vereador quis conhecer um pouco do trabalho do Idene ao conversar com os servidores do \u00f3rg\u00e3o, bem como saber como funciona o atendimento a comunidades que est\u00e3o enfrentando falta d\u2019\u00e1gua nesse momento em que a seca fica mais intensa.<\/div>\n<div dir=\"auto\"><\/div>\n<\/div>\n<div>\n<div dir=\"auto\">O Idene se mostrou aberto a receber as demandas e analis\u00e1-las tecnicamente como determina a dire\u00e7\u00e3o-geral do Idene. \u201cEstamos \u00e0 disposi\u00e7\u00e3o e precisamos desse feedback das lideran\u00e7as para saber onde as dificuldades s\u00e3o maiores\u201d, disse o diretor regional, Guila Ramos.<\/div>\n<p><img decoding=\"async\" loading=\"lazy\" class=\"alignnone wp-image-4359 size-full\" src=\"http:\/\/www.idene.mg.gov.br\/site\/wp-content\/uploads\/2021\/07\/Idene-Regional-Norte-recebe-lideranca-politica-de-Montes-Claros.jpg\" alt=\"\" width=\"1097\" height=\"823\" srcset=\"http:\/\/www.idene.mg.gov.br\/site\/wp-content\/uploads\/2021\/07\/Idene-Regional-Norte-recebe-lideranca-politica-de-Montes-Claros.jpg 1097w, http:\/\/www.idene.mg.gov.br\/site\/wp-content\/uploads\/2021\/07\/Idene-Regional-Norte-recebe-lideranca-politica-de-Montes-Claros-300x225.jpg 300w, http:\/\/www.idene.mg.gov.br\/site\/wp-content\/uploads\/2021\/07\/Idene-Regional-Norte-recebe-lideranca-politica-de-Montes-Claros-1030x773.jpg 1030w, http:\/\/www.idene.mg.gov.br\/site\/wp-content\/uploads\/2021\/07\/Idene-Regional-Norte-recebe-lideranca-politica-de-Montes-Claros-80x60.jpg 80w, http:\/\/www.idene.mg.gov.br\/site\/wp-content\/uploads\/2021\/07\/Idene-Regional-Norte-recebe-lideranca-politica-de-Montes-Claros-768x576.jpg 768w, http:\/\/www.idene.mg.gov.br\/site\/wp-content\/uploads\/2021\/07\/Idene-Regional-Norte-recebe-lideranca-politica-de-Montes-Claros-705x529.jpg 705w, http:\/\/www.idene.mg.gov.br\/site\/wp-content\/uploads\/2021\/07\/Idene-Regional-Norte-recebe-lideranca-politica-de-Montes-Claros-750x563.jpg 750w\" sizes=\"(max-width: 1097px) 100vw, 1097px\" \/><\/p>\n<\/div>\n<\/div>\n","protected":false},"excerpt":{"rendered":"<p>Ao cumprir orienta&ccedil;&atilde;o do governador Romeu Zema e do diretor-geral do Idene, Nilson Borges, de que todos sejam atendidos, independentemente de cor partid&aacute;ria, o diretor regional do Idene na regi&atilde;o Norte, Guila Ramos e o coordenador regional de Montes Claros, Wendel Souza, receberam o vereador montes-clarense, pastor Edmilson, nessa segunda-feira (5\/7). O vereador quis conhecer [&hellip;]<\/p>\n","protected":false},"author":1,"featured_media":4359,"comment_status":"open","ping_status":"open","sticky":false,"template":"","format":"standard","meta":{"kia_subtitle":"","_FSMCFIC_featured_image_caption":"","_FSMCFIC_featured_image_nocaption":"","_FSMCFIC_featured_image_hide":""},"categories":[1],"tags":[],"_links":{"self":[{"href":"http:\/\/www.idene.mg.gov.br\/site\/wp-json\/wp\/v2\/posts\/3907"}],"collection":[{"href":"http:\/\/www.idene.mg.gov.br\/site\/wp-json\/wp\/v2\/posts"}],"about":[{"href":"http:\/\/www.idene.mg.gov.br\/site\/wp-json\/wp\/v2\/types\/post"}],"author":[{"embeddable":true,"href":"http:\/\/www.idene.mg.gov.br\/site\/wp-json\/wp\/v2\/users\/1"}],"replies":[{"embeddable":true,"href":"http:\/\/www.idene.mg.gov.br\/site\/wp-json\/wp\/v2\/comments?post=3907"}],"version-history":[{"count":3,"href":"http:\/\/www.idene.mg.gov.br\/site\/wp-json\/wp\/v2\/posts\/3907\/revisions"}],"predecessor-version":[{"id":4358,"href":"http:\/\/www.idene.mg.gov.br\/site\/wp-json\/wp\/v2\/posts\/3907\/revisions\/4358"}],"wp:featuredmedia":[{"embeddable":true,"href":"http:\/\/www.idene.mg.gov.br\/site\/wp-json\/wp\/v2\/media\/4359"}],"wp:attachment":[{"href":"http:\/\/www.idene.mg.gov.br\/site\/wp-json\/wp\/v2\/media?parent=3907"}],"wp:term":[{"taxonomy":"category","embeddable":true,"href":"http:\/\/www.idene.mg.gov.br\/site\/wp-json\/wp\/v2\/categories?post=3907"},{"taxonomy":"post_tag","embeddable":true,"href":"http:\/\/www.idene.mg.gov.br\/site\/wp-json\/wp\/v2\/tags?post=3907"}],"curies":[{"name":"wp","href":"https:\/\/api.w.org\/{rel}","templated":true}]}}