{"id":3913,"date":"2021-06-23T14:30:00","date_gmt":"2021-06-23T14:30:00","guid":{"rendered":"http:\/\/www.idene.mg.gov.br\/site\/2021\/06\/23\/berizal-regiao-norte-recebe-kits-de-abastecimento-do-idene\/"},"modified":"2023-07-04T13:22:19","modified_gmt":"2023-07-04T16:22:19","slug":"berizal-regiao-norte-recebe-kits-de-abastecimento-do-idene","status":"publish","type":"post","link":"http:\/\/www.idene.mg.gov.br\/site\/berizal-regiao-norte-recebe-kits-de-abastecimento-do-idene\/","title":{"rendered":"Berizal (regi\u00e3o Norte) recebe kits de abastecimento do Idene"},"content":{"rendered":"<div dir=\"auto\">Tr\u00eas kits de abastecimento foram entregues pelo Idene ao munic\u00edpio de Berizal Norte de Minas, a 749 quil\u00f4metros da capital) para socorrer comunidades rurais que t\u00eam dificuldades de armazenamento de \u00e1gua. A entrega foi feita pelo escrit\u00f3rio regional de Ara\u00e7ua\u00ed, nessa ter\u00e7a-feira (22\/6).<\/div>\n<div dir=\"auto\"><\/div>\n<div dir=\"auto\">O diretor-geral do Idene, Nilson Borges, foi representando pelo coordenador regional, Gabriel Oliveira, e pelo servidor Jos\u00e9 Am\u00edlcar. \u201cBerizal tamb\u00e9m enfrenta dificuldades de armazenamento de \u00e1gua, por isso o Idene est\u00e1 doando kits especiais com caixas d\u2019\u00e1gua de 15 mil litros com os tubos necess\u00e1rios para as comunidades rurais. Estamos seguindo as diretrizes do governador Romeu Zema de atender todas as regi\u00f5es poss\u00edveis\u201d, afirmou o diretor-geral do Idene.<\/div>\n<div>\n<div dir=\"auto\"><\/div>\n<\/div>\n<div>\n<div dir=\"auto\">O Idene tem trabalhado muito na implanta\u00e7\u00e3o dos Sistemas Integrados de Abastecimento de \u00c1gua (SIAAs) ou mesmo na perfura\u00e7\u00e3o dos po\u00e7os artesianos tradicionais, al\u00e9m de doar aos munic\u00edpios os kits de abastecimento para regi\u00f5es onde j\u00e1 tem \u00e1gua, mas falta o armazenamento para distribui\u00e7\u00e3o. Essas s\u00e3o a\u00e7\u00f5es do Idene para melhorar a vida da popula\u00e7\u00e3o.<\/div>\n<div dir=\"auto\"><\/div>\n<p><img decoding=\"async\" loading=\"lazy\" class=\"alignnone wp-image-4384 size-full\" src=\"http:\/\/www.idene.mg.gov.br\/site\/wp-content\/uploads\/2021\/06\/Berizal-regiao-Norte-recebe-kits-de-abastecimento-do-Idene.jpg\" alt=\"\" width=\"960\" height=\"720\" srcset=\"http:\/\/www.idene.mg.gov.br\/site\/wp-content\/uploads\/2021\/06\/Berizal-regiao-Norte-recebe-kits-de-abastecimento-do-Idene.jpg 960w, http:\/\/www.idene.mg.gov.br\/site\/wp-content\/uploads\/2021\/06\/Berizal-regiao-Norte-recebe-kits-de-abastecimento-do-Idene-300x225.jpg 300w, http:\/\/www.idene.mg.gov.br\/site\/wp-content\/uploads\/2021\/06\/Berizal-regiao-Norte-recebe-kits-de-abastecimento-do-Idene-80x60.jpg 80w, http:\/\/www.idene.mg.gov.br\/site\/wp-content\/uploads\/2021\/06\/Berizal-regiao-Norte-recebe-kits-de-abastecimento-do-Idene-768x576.jpg 768w, http:\/\/www.idene.mg.gov.br\/site\/wp-content\/uploads\/2021\/06\/Berizal-regiao-Norte-recebe-kits-de-abastecimento-do-Idene-705x529.jpg 705w, http:\/\/www.idene.mg.gov.br\/site\/wp-content\/uploads\/2021\/06\/Berizal-regiao-Norte-recebe-kits-de-abastecimento-do-Idene-750x563.jpg 750w\" sizes=\"(max-width: 960px) 100vw, 960px\" \/><\/p>\n<\/div>\n","protected":false},"excerpt":{"rendered":"<p>Tr&ecirc;s kits de abastecimento foram entregues pelo Idene ao munic&iacute;pio de Berizal Norte de Minas, a 749 quil&ocirc;metros da capital) para socorrer comunidades rurais que t&ecirc;m dificuldades de armazenamento de &aacute;gua. A entrega foi feita pelo escrit&oacute;rio regional de Ara&ccedil;ua&iacute;, nessa ter&ccedil;a-feira (22\/6). O diretor-geral do Idene, Nilson Borges, foi representando pelo coordenador regional, Gabriel [&hellip;]<\/p>\n","protected":false},"author":1,"featured_media":4384,"comment_status":"open","ping_status":"open","sticky":false,"template":"","format":"standard","meta":{"kia_subtitle":"","_FSMCFIC_featured_image_caption":"","_FSMCFIC_featured_image_nocaption":"","_FSMCFIC_featured_image_hide":""},"categories":[1],"tags":[],"_links":{"self":[{"href":"http:\/\/www.idene.mg.gov.br\/site\/wp-json\/wp\/v2\/posts\/3913"}],"collection":[{"href":"http:\/\/www.idene.mg.gov.br\/site\/wp-json\/wp\/v2\/posts"}],"about":[{"href":"http:\/\/www.idene.mg.gov.br\/site\/wp-json\/wp\/v2\/types\/post"}],"author":[{"embeddable":true,"href":"http:\/\/www.idene.mg.gov.br\/site\/wp-json\/wp\/v2\/users\/1"}],"replies":[{"embeddable":true,"href":"http:\/\/www.idene.mg.gov.br\/site\/wp-json\/wp\/v2\/comments?post=3913"}],"version-history":[{"count":2,"href":"http:\/\/www.idene.mg.gov.br\/site\/wp-json\/wp\/v2\/posts\/3913\/revisions"}],"predecessor-version":[{"id":4383,"href":"http:\/\/www.idene.mg.gov.br\/site\/wp-json\/wp\/v2\/posts\/3913\/revisions\/4383"}],"wp:featuredmedia":[{"embeddable":true,"href":"http:\/\/www.idene.mg.gov.br\/site\/wp-json\/wp\/v2\/media\/4384"}],"wp:attachment":[{"href":"http:\/\/www.idene.mg.gov.br\/site\/wp-json\/wp\/v2\/media?parent=3913"}],"wp:term":[{"taxonomy":"category","embeddable":true,"href":"http:\/\/www.idene.mg.gov.br\/site\/wp-json\/wp\/v2\/categories?post=3913"},{"taxonomy":"post_tag","embeddable":true,"href":"http:\/\/www.idene.mg.gov.br\/site\/wp-json\/wp\/v2\/tags?post=3913"}],"curies":[{"name":"wp","href":"https:\/\/api.w.org\/{rel}","templated":true}]}}