{"id":3923,"date":"2021-11-04T17:35:00","date_gmt":"2021-11-04T17:35:00","guid":{"rendered":"http:\/\/www.idene.mg.gov.br\/site\/2021\/11\/04\/idene-participa-de-inauguracao-de-usinas-em-cristalia-norte-de-minas\/"},"modified":"2023-07-03T12:48:08","modified_gmt":"2023-07-03T15:48:08","slug":"idene-participa-de-inauguracao-de-usinas-em-cristalia-norte-de-minas","status":"publish","type":"post","link":"http:\/\/www.idene.mg.gov.br\/site\/idene-participa-de-inauguracao-de-usinas-em-cristalia-norte-de-minas\/","title":{"rendered":"Idene participa de inaugura\u00e7\u00e3o de usinas em Crist\u00e1lia (Norte de Minas)"},"content":{"rendered":"<p>A assessora especial do Idene, M\u00e1rcia Versiani, representou o diretor-geral, Carlos Alexandre Magalh\u00e3es, na \u00faltima sexta-feira (29\/10), em Crist\u00e1lia (Norte), na inaugura\u00e7\u00e3o das usinas de gera\u00e7\u00e3o de energia solar fotovoltaica do Sistema Ocemg, presidido por Ronaldo Scucato.<\/p>\n<p>As usinas integram o Minascoop Energia em A\u00e7\u00e3o, do qual o cooperativismo mineiro \u00e9 signat\u00e1rio do Pacto Global, comprometido com a Agenda 2030 e os 17 Objetivos do Desenvolvimento Sustent\u00e1vel (ODS) da Organiza\u00e7\u00e3o das Na\u00e7\u00f5es Unidas (ONU), entre eles a erradica\u00e7\u00e3o da pobreza e energia limpa e acess\u00edvel. Toda a energia produzida e consumida nas unidades do Sistema Ocemg ser\u00e1 limpa e renov\u00e1vel, sendo que parte dela ser\u00e1 doada ao Grupo Santa Casa BH.<\/p>\n<p>Versiani reafirmou o compromisso do governador Romeu Zema, por meio do Idene com o desenvolvimento da sua regi\u00e3o de abrang\u00eancia, com destaque para a implanta\u00e7\u00e3o dos programas de seguran\u00e7a h\u00eddrica e apoio aos projetos de energia renov\u00e1vel.\u00a0Al\u00e9m de Ronaldo Scucato, tamb\u00e9m participaram da inaugura\u00e7\u00e3o: o presidente do Sicoob Credinor, Dario Colares e o prefeito de Crist\u00e1lia, Jairo de Matos.<\/p>\n","protected":false},"excerpt":{"rendered":"<p>A assessora especial do Idene, M&aacute;rcia Versiani, representou o diretor-geral, Carlos Alexandre Magalh&atilde;es, na &uacute;ltima sexta-feira (29\/10), em Crist&aacute;lia (Norte), na inaugura&ccedil;&atilde;o das usinas de gera&ccedil;&atilde;o de energia solar fotovoltaica do Sistema Ocemg, presidido por Ronaldo Scucato. As usinas integram o Minascoop Energia em A&ccedil;&atilde;o, do qual o cooperativismo mineiro &eacute; signat&aacute;rio do Pacto Global, [&hellip;]<\/p>\n","protected":false},"author":1,"featured_media":4063,"comment_status":"open","ping_status":"open","sticky":false,"template":"","format":"standard","meta":{"kia_subtitle":"","_FSMCFIC_featured_image_caption":"","_FSMCFIC_featured_image_nocaption":"","_FSMCFIC_featured_image_hide":""},"categories":[1],"tags":[],"_links":{"self":[{"href":"http:\/\/www.idene.mg.gov.br\/site\/wp-json\/wp\/v2\/posts\/3923"}],"collection":[{"href":"http:\/\/www.idene.mg.gov.br\/site\/wp-json\/wp\/v2\/posts"}],"about":[{"href":"http:\/\/www.idene.mg.gov.br\/site\/wp-json\/wp\/v2\/types\/post"}],"author":[{"embeddable":true,"href":"http:\/\/www.idene.mg.gov.br\/site\/wp-json\/wp\/v2\/users\/1"}],"replies":[{"embeddable":true,"href":"http:\/\/www.idene.mg.gov.br\/site\/wp-json\/wp\/v2\/comments?post=3923"}],"version-history":[{"count":1,"href":"http:\/\/www.idene.mg.gov.br\/site\/wp-json\/wp\/v2\/posts\/3923\/revisions"}],"predecessor-version":[{"id":4064,"href":"http:\/\/www.idene.mg.gov.br\/site\/wp-json\/wp\/v2\/posts\/3923\/revisions\/4064"}],"wp:featuredmedia":[{"embeddable":true,"href":"http:\/\/www.idene.mg.gov.br\/site\/wp-json\/wp\/v2\/media\/4063"}],"wp:attachment":[{"href":"http:\/\/www.idene.mg.gov.br\/site\/wp-json\/wp\/v2\/media?parent=3923"}],"wp:term":[{"taxonomy":"category","embeddable":true,"href":"http:\/\/www.idene.mg.gov.br\/site\/wp-json\/wp\/v2\/categories?post=3923"},{"taxonomy":"post_tag","embeddable":true,"href":"http:\/\/www.idene.mg.gov.br\/site\/wp-json\/wp\/v2\/tags?post=3923"}],"curies":[{"name":"wp","href":"https:\/\/api.w.org\/{rel}","templated":true}]}}