{"id":3947,"date":"2023-06-21T16:14:25","date_gmt":"2023-06-21T19:14:25","guid":{"rendered":"http:\/\/www.idene.mg.gov.br\/site\/?p=3947"},"modified":"2023-07-03T14:00:45","modified_gmt":"2023-07-03T17:00:45","slug":"idene-prestigia-festa-do-biscoito-em-japonvar","status":"publish","type":"post","link":"http:\/\/www.idene.mg.gov.br\/site\/idene-prestigia-festa-do-biscoito-em-japonvar\/","title":{"rendered":"Idene prestigia Festa do Biscoito em Japonvar"},"content":{"rendered":"<p>Japonvar \u00e9 um dos 127 munic\u00edpios atendidos pelo Idene no Norte de Minas. A cidade possui cerca de 8 mil habitantes e j\u00e1 \u00e9 conhecida na regi\u00e3o pela realiza\u00e7\u00e3o da famosa \u201cFesta do Biscoito\u201d, que acontece desde 1998. Interrompida pelos 2 anos da pandemia, em 2023, a sua 23\u00aa edi\u00e7\u00e3o aconteceu nos dias 16, 17 e 18 de junho contando com diversas atra\u00e7\u00f5es culturais e musicais.<\/p>\n<p>Os 3 dias de festividades movimentam, todos os anos, pequenos produtores e comerciantes locais, e a cidade chega a receber 20 mil pessoas em um s\u00f3 dia, vindas das cidades circunvizinhas e tamb\u00e9m de outros estados.<br \/>\nSegundo o secret\u00e1rio de cultura e turismo Nilson Radar, o retorno econ\u00f4mico e financeiro do munic\u00edpio chega a quadruplicar na ocasi\u00e3o. A Secretaria de Turismo promove diversos tipos de capacita\u00e7\u00e3o nos meses que antecedem a comemora\u00e7\u00e3o, a fim de preparar a popula\u00e7\u00e3o para realizar o evento com qualidade e profissionalismo.<\/p>\n<p><img decoding=\"async\" loading=\"lazy\" class=\"alignnone wp-image-3992 size-full\" src=\"http:\/\/www.idene.mg.gov.br\/site\/wp-content\/uploads\/2023\/06\/WhatsApp_Image_2023-06-21_at_16.31.33.jpeg\" alt=\"\" width=\"1080\" height=\"1080\" srcset=\"http:\/\/www.idene.mg.gov.br\/site\/wp-content\/uploads\/2023\/06\/WhatsApp_Image_2023-06-21_at_16.31.33.jpeg 1080w, http:\/\/www.idene.mg.gov.br\/site\/wp-content\/uploads\/2023\/06\/WhatsApp_Image_2023-06-21_at_16.31.33-300x300.jpeg 300w, http:\/\/www.idene.mg.gov.br\/site\/wp-content\/uploads\/2023\/06\/WhatsApp_Image_2023-06-21_at_16.31.33-1030x1030.jpeg 1030w, http:\/\/www.idene.mg.gov.br\/site\/wp-content\/uploads\/2023\/06\/WhatsApp_Image_2023-06-21_at_16.31.33-80x80.jpeg 80w, http:\/\/www.idene.mg.gov.br\/site\/wp-content\/uploads\/2023\/06\/WhatsApp_Image_2023-06-21_at_16.31.33-768x768.jpeg 768w, http:\/\/www.idene.mg.gov.br\/site\/wp-content\/uploads\/2023\/06\/WhatsApp_Image_2023-06-21_at_16.31.33-36x36.jpeg 36w, http:\/\/www.idene.mg.gov.br\/site\/wp-content\/uploads\/2023\/06\/WhatsApp_Image_2023-06-21_at_16.31.33-180x180.jpeg 180w, http:\/\/www.idene.mg.gov.br\/site\/wp-content\/uploads\/2023\/06\/WhatsApp_Image_2023-06-21_at_16.31.33-705x705.jpeg 705w\" sizes=\"(max-width: 1080px) 100vw, 1080px\" \/><\/p>\n<p>Na \u00faltima sexta, 16 prefeito de Japonvar, Welson Gon\u00e7alves, recebeu o Diretor-Geral do Idene, Carlos Alexandre Gon\u00e7alves, na abertura da programa\u00e7\u00e3o. Juntos, eles puderam reafirmar a parceria existente entre o munic\u00edpio e o Governo do Estado, por meio do Idene, de forma a fortalecer a regi\u00e3o incrementando os investimentos nas \u00e1reas sociais e econ\u00f4micas dos munic\u00edpios.<\/p>\n<p>A expectativa para os pr\u00f3ximos anos \u00e9 que a \u201cFesta do Biscoito\u201d seja realizada no novo parque de exposi\u00e7\u00f5es, um espa\u00e7o idealizado especialmente para a realiza\u00e7\u00e3o da festa. O projeto ser\u00e1 um presente para os moradores do munic\u00edpio e para o p\u00fablico que visita Japonvar todos os anos.<\/p>\n<p><img decoding=\"async\" loading=\"lazy\" class=\"alignnone wp-image-3993 size-full\" src=\"http:\/\/www.idene.mg.gov.br\/site\/wp-content\/uploads\/2023\/06\/Idene-prestigia-Festa-do-Biscoito-em-Japonvar-03.jpg\" alt=\"\" width=\"1080\" height=\"1080\" srcset=\"http:\/\/www.idene.mg.gov.br\/site\/wp-content\/uploads\/2023\/06\/Idene-prestigia-Festa-do-Biscoito-em-Japonvar-03.jpg 1080w, http:\/\/www.idene.mg.gov.br\/site\/wp-content\/uploads\/2023\/06\/Idene-prestigia-Festa-do-Biscoito-em-Japonvar-03-300x300.jpg 300w, http:\/\/www.idene.mg.gov.br\/site\/wp-content\/uploads\/2023\/06\/Idene-prestigia-Festa-do-Biscoito-em-Japonvar-03-1030x1030.jpg 1030w, http:\/\/www.idene.mg.gov.br\/site\/wp-content\/uploads\/2023\/06\/Idene-prestigia-Festa-do-Biscoito-em-Japonvar-03-80x80.jpg 80w, http:\/\/www.idene.mg.gov.br\/site\/wp-content\/uploads\/2023\/06\/Idene-prestigia-Festa-do-Biscoito-em-Japonvar-03-768x768.jpg 768w, http:\/\/www.idene.mg.gov.br\/site\/wp-content\/uploads\/2023\/06\/Idene-prestigia-Festa-do-Biscoito-em-Japonvar-03-36x36.jpg 36w, http:\/\/www.idene.mg.gov.br\/site\/wp-content\/uploads\/2023\/06\/Idene-prestigia-Festa-do-Biscoito-em-Japonvar-03-180x180.jpg 180w, http:\/\/www.idene.mg.gov.br\/site\/wp-content\/uploads\/2023\/06\/Idene-prestigia-Festa-do-Biscoito-em-Japonvar-03-705x705.jpg 705w\" sizes=\"(max-width: 1080px) 100vw, 1080px\" \/><\/p>\n","protected":false},"excerpt":{"rendered":"<p>Japonvar &eacute; um dos 127 munic&iacute;pios atendidos pelo Idene no Norte de Minas. A cidade possui cerca de 8 mil habitantes e j&aacute; &eacute; conhecida na regi&atilde;o pela realiza&ccedil;&atilde;o da famosa &ldquo;Festa do Biscoito&rdquo;, que acontece desde 1998. Interrompida pelos 2 anos da pandemia, em 2023, a sua 23&ordf; edi&ccedil;&atilde;o aconteceu nos dias 16, 17 [&hellip;]<\/p>\n","protected":false},"author":1,"featured_media":3991,"comment_status":"open","ping_status":"open","sticky":false,"template":"","format":"standard","meta":{"kia_subtitle":"","_FSMCFIC_featured_image_caption":"","_FSMCFIC_featured_image_nocaption":"","_FSMCFIC_featured_image_hide":""},"categories":[1],"tags":[],"_links":{"self":[{"href":"http:\/\/www.idene.mg.gov.br\/site\/wp-json\/wp\/v2\/posts\/3947"}],"collection":[{"href":"http:\/\/www.idene.mg.gov.br\/site\/wp-json\/wp\/v2\/posts"}],"about":[{"href":"http:\/\/www.idene.mg.gov.br\/site\/wp-json\/wp\/v2\/types\/post"}],"author":[{"embeddable":true,"href":"http:\/\/www.idene.mg.gov.br\/site\/wp-json\/wp\/v2\/users\/1"}],"replies":[{"embeddable":true,"href":"http:\/\/www.idene.mg.gov.br\/site\/wp-json\/wp\/v2\/comments?post=3947"}],"version-history":[{"count":4,"href":"http:\/\/www.idene.mg.gov.br\/site\/wp-json\/wp\/v2\/posts\/3947\/revisions"}],"predecessor-version":[{"id":4134,"href":"http:\/\/www.idene.mg.gov.br\/site\/wp-json\/wp\/v2\/posts\/3947\/revisions\/4134"}],"wp:featuredmedia":[{"embeddable":true,"href":"http:\/\/www.idene.mg.gov.br\/site\/wp-json\/wp\/v2\/media\/3991"}],"wp:attachment":[{"href":"http:\/\/www.idene.mg.gov.br\/site\/wp-json\/wp\/v2\/media?parent=3947"}],"wp:term":[{"taxonomy":"category","embeddable":true,"href":"http:\/\/www.idene.mg.gov.br\/site\/wp-json\/wp\/v2\/categories?post=3947"},{"taxonomy":"post_tag","embeddable":true,"href":"http:\/\/www.idene.mg.gov.br\/site\/wp-json\/wp\/v2\/tags?post=3947"}],"curies":[{"name":"wp","href":"https:\/\/api.w.org\/{rel}","templated":true}]}}