{"id":4589,"date":"2023-07-06T10:45:32","date_gmt":"2023-07-06T13:45:32","guid":{"rendered":"http:\/\/www.idene.mg.gov.br\/site\/?p=4589"},"modified":"2023-07-06T12:00:39","modified_gmt":"2023-07-06T15:00:39","slug":"licitacao-para-compra-de-tubos-de-pvc","status":"publish","type":"post","link":"http:\/\/www.idene.mg.gov.br\/site\/licitacao-para-compra-de-tubos-de-pvc\/","title":{"rendered":"Idene define licita\u00e7\u00e3o para compra de tubos de PVC"},"content":{"rendered":"<p>O Idene lan\u00e7ou edital, publicado no Di\u00e1rio Oficial de Minas Gerais, para aquisi\u00e7\u00e3o de tubos de PVC de diversas medidas, imprescind\u00edveis \u00e0 melhoria da seguran\u00e7a h\u00eddrica na \u00e1rea de abrang\u00eancia da autarquia que integra 265 munic\u00edpios das regi\u00f5es Norte, Nordeste e Vale do Rio Doce. A sess\u00e3o p\u00fablica do preg\u00e3o eletr\u00f4nico, tipo menor pre\u00e7o, modo de disputa aberto, ocorre dia 24 de fevereiro, \u00e0s 9 horas.<\/p>\n<p>No ano de 2022, a maioria dos munic\u00edpios do Idene foi contemplada com tubos de PVC e caixas d\u2019\u00e1gua, melhorando consideravelmente a vida de milhares de fam\u00edlias nas comunidades rurais das regi\u00f5es atendidas pelo Idene.<\/p>\n<p>De acordo com o edital, todas as refer\u00eancias de tempo no edital, no aviso e durante a sess\u00e3o p\u00fablica, observar\u00e3o obrigatoriamente o hor\u00e1rio de Bras\u00edlia (DF) e, dessa forma, ser\u00e3o registradas no sistema e na documenta\u00e7\u00e3o relativa ao certame. A sess\u00e3o de preg\u00e3o ser\u00e1 realizada no s\u00edtio eletr\u00f4nico de compras do Governo do Estado de Minas Gerais: <a href=\"http:\/\/www.compras.mg.gov.br\">www.compras.mg.gov.br<\/a><\/p>\n<p>Confira o edital completo:<\/p>\n<p><a href=\"http:\/\/www.idene.mg.gov.br\/site\/wp-content\/uploads\/2023\/07\/Edital_RP_n._399_2022_TUBOS.pdf\" target=\"_blank\" rel=\"noopener\">Edital_RP_n._399_2022_TUBOS.pdf<\/a><\/p>\n<iframe src=\"\/\/docs.google.com\/viewer?url=http%3A%2F%2Fwww.idene.mg.gov.br%2Fsite%2Fwp-content%2Fuploads%2F2023%2F07%2FEdital_RP_n._399_2022_TUBOS.pdf&hl=pt_BR&embedded=true\" class=\"gde-frame\" style=\"width:100%; height:500px; border: none;\" scrolling=\"no\"><\/iframe>\n<p class=\"gde-text\"><a href=\"http:\/\/www.idene.mg.gov.br\/site\/wp-content\/uploads\/2023\/07\/Edital_RP_n._399_2022_TUBOS.pdf\" class=\"gde-link\">Download (PDF, 205KB)<\/a><\/p>\n<p><strong>Mais informa\u00e7\u00f5es pelo e-mail:<\/strong> <a href=\"mailto:compras@idene.mg.gov.br\">compras@idene.mg.gov.br<\/a><\/p>\n<p>Telefone: (31)3915-5140<\/p>\n<p>Editais passados:<\/p>\n<p><a href=\"http:\/\/www.idene.mg.gov.br\/site\/wp-content\/uploads\/2023\/07\/edital_licitao_tubos_PVC.pdf\" target=\"_blank\" rel=\"noopener\">Edital<\/a><\/p>\n<iframe src=\"\/\/docs.google.com\/viewer?url=http%3A%2F%2Fwww.idene.mg.gov.br%2Fsite%2Fwp-content%2Fuploads%2F2023%2F07%2Fedital_licitao_tubos_PVC.pdf&hl=pt_BR&embedded=true\" class=\"gde-frame\" style=\"width:100%; height:500px; border: none;\" scrolling=\"no\"><\/iframe>\n<p class=\"gde-text\"><a href=\"http:\/\/www.idene.mg.gov.br\/site\/wp-content\/uploads\/2023\/07\/edital_licitao_tubos_PVC.pdf\" class=\"gde-link\">Download (PDF, 526KB)<\/a><\/p>\n<p><a href=\"http:\/\/www.idene.mg.gov.br\/site\/wp-content\/uploads\/2023\/07\/Extrato_Publicacao_Errata_Edital_Tubos.pdf\" target=\"_blank\" rel=\"noopener\">Errata do Edital<\/a><\/p>\n<iframe src=\"\/\/docs.google.com\/viewer?url=http%3A%2F%2Fwww.idene.mg.gov.br%2Fsite%2Fwp-content%2Fuploads%2F2023%2F07%2FExtrato_Publicacao_Errata_Edital_Tubos.pdf&hl=pt_BR&embedded=true\" class=\"gde-frame\" style=\"width:100%; height:500px; border: none;\" scrolling=\"no\"><\/iframe>\n<p class=\"gde-text\"><a href=\"http:\/\/www.idene.mg.gov.br\/site\/wp-content\/uploads\/2023\/07\/Extrato_Publicacao_Errata_Edital_Tubos.pdf\" class=\"gde-link\">Download (PDF, 3.12MB)<\/a><\/p>\n","protected":false},"excerpt":{"rendered":"<p>O Idene lan&ccedil;ou edital, publicado no Di&aacute;rio Oficial de Minas Gerais, para aquisi&ccedil;&atilde;o de tubos de PVC de diversas medidas, imprescind&iacute;veis &agrave; melhoria da seguran&ccedil;a h&iacute;drica na &aacute;rea de abrang&ecirc;ncia da autarquia que integra 265 munic&iacute;pios das regi&otilde;es Norte, Nordeste e Vale do Rio Doce. A sess&atilde;o p&uacute;blica do preg&atilde;o eletr&ocirc;nico, tipo menor pre&ccedil;o, modo [&hellip;]<\/p>\n","protected":false},"author":2,"featured_media":4618,"comment_status":"open","ping_status":"open","sticky":false,"template":"","format":"standard","meta":{"kia_subtitle":"","_FSMCFIC_featured_image_caption":"","_FSMCFIC_featured_image_nocaption":"","_FSMCFIC_featured_image_hide":""},"categories":[3],"tags":[],"_links":{"self":[{"href":"http:\/\/www.idene.mg.gov.br\/site\/wp-json\/wp\/v2\/posts\/4589"}],"collection":[{"href":"http:\/\/www.idene.mg.gov.br\/site\/wp-json\/wp\/v2\/posts"}],"about":[{"href":"http:\/\/www.idene.mg.gov.br\/site\/wp-json\/wp\/v2\/types\/post"}],"author":[{"embeddable":true,"href":"http:\/\/www.idene.mg.gov.br\/site\/wp-json\/wp\/v2\/users\/2"}],"replies":[{"embeddable":true,"href":"http:\/\/www.idene.mg.gov.br\/site\/wp-json\/wp\/v2\/comments?post=4589"}],"version-history":[{"count":3,"href":"http:\/\/www.idene.mg.gov.br\/site\/wp-json\/wp\/v2\/posts\/4589\/revisions"}],"predecessor-version":[{"id":4625,"href":"http:\/\/www.idene.mg.gov.br\/site\/wp-json\/wp\/v2\/posts\/4589\/revisions\/4625"}],"wp:featuredmedia":[{"embeddable":true,"href":"http:\/\/www.idene.mg.gov.br\/site\/wp-json\/wp\/v2\/media\/4618"}],"wp:attachment":[{"href":"http:\/\/www.idene.mg.gov.br\/site\/wp-json\/wp\/v2\/media?parent=4589"}],"wp:term":[{"taxonomy":"category","embeddable":true,"href":"http:\/\/www.idene.mg.gov.br\/site\/wp-json\/wp\/v2\/categories?post=4589"},{"taxonomy":"post_tag","embeddable":true,"href":"http:\/\/www.idene.mg.gov.br\/site\/wp-json\/wp\/v2\/tags?post=4589"}],"curies":[{"name":"wp","href":"https:\/\/api.w.org\/{rel}","templated":true}]}}