{"id":5320,"date":"2024-11-21T12:44:00","date_gmt":"2024-11-21T15:44:00","guid":{"rendered":"http:\/\/www.idene.mg.gov.br\/site\/?p=5320"},"modified":"2025-04-22T15:58:59","modified_gmt":"2025-04-22T18:58:59","slug":"programa-leite-para-a-primeira-infancia","status":"publish","type":"post","link":"http:\/\/www.idene.mg.gov.br\/site\/programa-leite-para-a-primeira-infancia\/","title":{"rendered":"Programa Leite para a Primeira Inf\u00e2ncia"},"content":{"rendered":"<p>Rela\u00e7\u00e3o dos munic\u00edpios atendidos pelo Programa Leite para a Primeira Inf\u00e2ncia, com a distribui\u00e7\u00e3o de leite realizada por cooperativas e associa\u00e7\u00f5es devidamente credenciadas:<\/p>\n<table width=\"171\">\n<tbody>\n<tr>\n<td width=\"44\">1<\/td>\n<td width=\"127\">\u00c1gua Boa<\/td>\n<\/tr>\n<tr>\n<td width=\"44\">2<\/td>\n<td width=\"127\">\u00c1guas Vermelhas<\/td>\n<\/tr>\n<tr>\n<td width=\"44\">3<\/td>\n<td width=\"127\">Ara\u00e7ua\u00ed<\/td>\n<\/tr>\n<tr>\n<td width=\"44\">4<\/td>\n<td width=\"127\">Arinos<\/td>\n<\/tr>\n<tr>\n<td width=\"44\">5<\/td>\n<td width=\"127\">Berilo<\/td>\n<\/tr>\n<tr>\n<td width=\"44\">6<\/td>\n<td width=\"127\">Berizal<\/td>\n<\/tr>\n<tr>\n<td width=\"44\">7<\/td>\n<td width=\"127\">Bonfin\u00f3polis<\/td>\n<\/tr>\n<tr>\n<td width=\"44\">8<\/td>\n<td width=\"127\">Bonito De Minas<\/td>\n<\/tr>\n<tr>\n<td width=\"44\">9<\/td>\n<td width=\"127\">Botumirim<\/td>\n<\/tr>\n<tr>\n<td width=\"44\">10<\/td>\n<td width=\"127\">Bras\u00edlia De Minas<\/td>\n<\/tr>\n<tr>\n<td width=\"44\">11<\/td>\n<td width=\"127\">Buen\u00f3polis<\/td>\n<\/tr>\n<tr>\n<td width=\"44\">12<\/td>\n<td width=\"127\">Buritizeiro<\/td>\n<\/tr>\n<tr>\n<td width=\"44\">13<\/td>\n<td width=\"127\">Campo Azul<\/td>\n<\/tr>\n<tr>\n<td width=\"44\">14<\/td>\n<td width=\"127\">Capelinha<\/td>\n<\/tr>\n<tr>\n<td width=\"44\">15<\/td>\n<td width=\"127\">Capit\u00e3o En\u00e9as<\/td>\n<\/tr>\n<tr>\n<td width=\"44\">16<\/td>\n<td width=\"127\">Cara\u00ed<\/td>\n<\/tr>\n<tr>\n<td width=\"44\">17<\/td>\n<td width=\"127\">Carbonita<\/td>\n<\/tr>\n<tr>\n<td width=\"44\">18<\/td>\n<td width=\"127\">Catuti<\/td>\n<\/tr>\n<tr>\n<td width=\"44\">19<\/td>\n<td width=\"127\">Chapada Do Norte<\/td>\n<\/tr>\n<tr>\n<td width=\"44\">20<\/td>\n<td width=\"127\">Claro Dos Po\u00e7\u00f5es<\/td>\n<\/tr>\n<tr>\n<td width=\"44\">21<\/td>\n<td width=\"127\">Comercinho<\/td>\n<\/tr>\n<tr>\n<td width=\"44\">22<\/td>\n<td width=\"127\">C\u00f4nego Marinho<\/td>\n<\/tr>\n<tr>\n<td width=\"44\">23<\/td>\n<td width=\"127\">Cora\u00e7\u00e3o De Jesus<\/td>\n<\/tr>\n<tr>\n<td width=\"44\">24<\/td>\n<td width=\"127\">Coronel Murta<\/td>\n<\/tr>\n<tr>\n<td width=\"44\">25<\/td>\n<td width=\"127\">Crist\u00e1lia<\/td>\n<\/tr>\n<tr>\n<td width=\"44\">26<\/td>\n<td width=\"127\">Dom Bosco<\/td>\n<\/tr>\n<tr>\n<td width=\"44\">27<\/td>\n<td width=\"127\">Espinosa<\/td>\n<\/tr>\n<tr>\n<td width=\"44\">28<\/td>\n<td width=\"127\">Fel\u00edcio Dos Santos<\/td>\n<\/tr>\n<tr>\n<td width=\"44\">29<\/td>\n<td width=\"127\">Felixl\u00e2ndia<\/td>\n<\/tr>\n<tr>\n<td width=\"44\">30<\/td>\n<td width=\"127\">Francisco Badar\u00f3<\/td>\n<\/tr>\n<tr>\n<td width=\"44\">31<\/td>\n<td width=\"127\">Francisco Dumont<\/td>\n<\/tr>\n<tr>\n<td width=\"44\">32<\/td>\n<td width=\"127\">Francisco S\u00e1<\/td>\n<\/tr>\n<tr>\n<td width=\"44\">33<\/td>\n<td width=\"127\">Fruta De Leite<\/td>\n<\/tr>\n<tr>\n<td width=\"44\">34<\/td>\n<td width=\"127\">Gameleiras<\/td>\n<\/tr>\n<tr>\n<td width=\"44\">35<\/td>\n<td width=\"127\">Glaucil\u00e2ndia<\/td>\n<\/tr>\n<tr>\n<td width=\"44\">36<\/td>\n<td width=\"127\">Gr\u00e3o Mogol<\/td>\n<\/tr>\n<tr>\n<td width=\"44\">37<\/td>\n<td width=\"127\">Ibia\u00ed<\/td>\n<\/tr>\n<tr>\n<td width=\"44\">38<\/td>\n<td width=\"127\">Ibiracatu<\/td>\n<\/tr>\n<tr>\n<td width=\"44\">39<\/td>\n<td width=\"127\">Indaiabira<\/td>\n<\/tr>\n<tr>\n<td width=\"44\">40<\/td>\n<td width=\"127\">Inimutaba<\/td>\n<\/tr>\n<tr>\n<td width=\"44\">41<\/td>\n<td width=\"127\">Itacambira<\/td>\n<\/tr>\n<tr>\n<td width=\"44\">42<\/td>\n<td width=\"127\">Itacarambi<\/td>\n<\/tr>\n<tr>\n<td width=\"44\">43<\/td>\n<td width=\"127\">Itamarandiba<\/td>\n<\/tr>\n<tr>\n<td width=\"44\">44<\/td>\n<td width=\"127\">Itaobim<\/td>\n<\/tr>\n<tr>\n<td width=\"44\">45<\/td>\n<td width=\"127\">Itinga<\/td>\n<\/tr>\n<tr>\n<td width=\"44\">46<\/td>\n<td width=\"127\">Ja\u00edba<\/td>\n<\/tr>\n<tr>\n<td width=\"44\">47<\/td>\n<td width=\"127\">Jana\u00faba<\/td>\n<\/tr>\n<tr>\n<td width=\"44\">48<\/td>\n<td width=\"127\">Janu\u00e1ria<\/td>\n<\/tr>\n<tr>\n<td width=\"44\">49<\/td>\n<td width=\"127\">Japonvar<\/td>\n<\/tr>\n<tr>\n<td width=\"44\">50<\/td>\n<td width=\"127\">Jenipapo De Minas<\/td>\n<\/tr>\n<tr>\n<td width=\"44\">51<\/td>\n<td width=\"127\">Jequita\u00ed<\/td>\n<\/tr>\n<tr>\n<td width=\"44\">52<\/td>\n<td width=\"127\">Joaquim Fel\u00edcio<\/td>\n<\/tr>\n<tr>\n<td width=\"44\">53<\/td>\n<td width=\"127\">Jos\u00e9 Gon\u00e7alves De Minas<\/td>\n<\/tr>\n<tr>\n<td width=\"44\">54<\/td>\n<td width=\"127\">Juramento<\/td>\n<\/tr>\n<tr>\n<td width=\"44\">55<\/td>\n<td width=\"127\">Juven\u00edlia<\/td>\n<\/tr>\n<tr>\n<td width=\"44\">56<\/td>\n<td width=\"127\">Lagoa Dos Patos<\/td>\n<\/tr>\n<tr>\n<td width=\"44\">57<\/td>\n<td width=\"127\">Lassance<\/td>\n<\/tr>\n<tr>\n<td width=\"44\">58<\/td>\n<td width=\"127\">Lontra<\/td>\n<\/tr>\n<tr>\n<td width=\"44\">59<\/td>\n<td width=\"127\">Luisl\u00e2ndia<\/td>\n<\/tr>\n<tr>\n<td width=\"44\">60<\/td>\n<td width=\"127\">Malacacheta<\/td>\n<\/tr>\n<tr>\n<td width=\"44\">61<\/td>\n<td width=\"127\">Mamonas<\/td>\n<\/tr>\n<tr>\n<td width=\"44\">62<\/td>\n<td width=\"127\">Manga<\/td>\n<\/tr>\n<tr>\n<td width=\"44\">63<\/td>\n<td width=\"127\">Matias Cardoso<\/td>\n<\/tr>\n<tr>\n<td width=\"44\">64<\/td>\n<td width=\"127\">Mato Verde<\/td>\n<\/tr>\n<tr>\n<td width=\"44\">65<\/td>\n<td width=\"127\">Mirabela<\/td>\n<\/tr>\n<tr>\n<td width=\"44\">66<\/td>\n<td width=\"127\">Mirav\u00e2nia<\/td>\n<\/tr>\n<tr>\n<td width=\"44\">67<\/td>\n<td width=\"127\">Montalv\u00e2nia<\/td>\n<\/tr>\n<tr>\n<td width=\"44\">68<\/td>\n<td width=\"127\">Monte Azul<\/td>\n<\/tr>\n<tr>\n<td width=\"44\">69<\/td>\n<td width=\"127\">Montes Claros<\/td>\n<\/tr>\n<tr>\n<td width=\"44\">70<\/td>\n<td width=\"127\">Montezuma<\/td>\n<\/tr>\n<tr>\n<td width=\"44\">71<\/td>\n<td width=\"127\">Morro Da Gar\u00e7a<\/td>\n<\/tr>\n<tr>\n<td width=\"44\">72<\/td>\n<td width=\"127\">Natal\u00e2ndia<\/td>\n<\/tr>\n<tr>\n<td width=\"44\">73<\/td>\n<td width=\"127\">Ninheira<\/td>\n<\/tr>\n<tr>\n<td width=\"44\">74<\/td>\n<td width=\"127\">Nova Porteirinha<\/td>\n<\/tr>\n<tr>\n<td width=\"44\">75<\/td>\n<td width=\"127\">Novorizonte<\/td>\n<\/tr>\n<tr>\n<td width=\"44\">76<\/td>\n<td width=\"127\">Padre Carvalho<\/td>\n<\/tr>\n<tr>\n<td width=\"44\">77<\/td>\n<td width=\"127\">Padre Para\u00edso<\/td>\n<\/tr>\n<tr>\n<td width=\"44\">78<\/td>\n<td width=\"127\">Pai Pedro<\/td>\n<\/tr>\n<tr>\n<td width=\"44\">79<\/td>\n<td width=\"127\">Patis<\/td>\n<\/tr>\n<tr>\n<td width=\"44\">80<\/td>\n<td width=\"127\">Pedras De Maria Da Cruz<\/td>\n<\/tr>\n<tr>\n<td width=\"44\">81<\/td>\n<td width=\"127\">Pint\u00f3polis<\/td>\n<\/tr>\n<tr>\n<td width=\"44\">82<\/td>\n<td width=\"127\">Pirapora<\/td>\n<\/tr>\n<tr>\n<td width=\"44\">83<\/td>\n<td width=\"127\">Ponto Dos Volantes<\/td>\n<\/tr>\n<tr>\n<td width=\"44\">84<\/td>\n<td width=\"127\">Porteirinha<\/td>\n<\/tr>\n<tr>\n<td width=\"44\">85<\/td>\n<td width=\"127\">Pot\u00e9<\/td>\n<\/tr>\n<tr>\n<td width=\"44\">86<\/td>\n<td width=\"127\">Presidente Juscelino<\/td>\n<\/tr>\n<tr>\n<td width=\"44\">87<\/td>\n<td width=\"127\">Riachinho<\/td>\n<\/tr>\n<tr>\n<td width=\"44\">88<\/td>\n<td width=\"127\">Riacho dos Machados<\/td>\n<\/tr>\n<tr>\n<td width=\"44\">89<\/td>\n<td width=\"127\">Rio Pardo De Minas<\/td>\n<\/tr>\n<tr>\n<td width=\"44\">90<\/td>\n<td width=\"127\">Rubelita<\/td>\n<\/tr>\n<tr>\n<td width=\"44\">91<\/td>\n<td width=\"127\">Salinas<\/td>\n<\/tr>\n<tr>\n<td width=\"44\">92<\/td>\n<td width=\"127\">Santa Cruz De Salinas<\/td>\n<\/tr>\n<tr>\n<td width=\"44\">93<\/td>\n<td width=\"127\">Santo Ant\u00f4nio Do Retiro<\/td>\n<\/tr>\n<tr>\n<td width=\"44\">94<\/td>\n<td width=\"127\">S\u00e3o Jo\u00e3o Da Lagoa<\/td>\n<\/tr>\n<tr>\n<td width=\"44\">95<\/td>\n<td width=\"127\">S\u00e3o Jo\u00e3o Da Ponte<\/td>\n<\/tr>\n<tr>\n<td width=\"44\">96<\/td>\n<td width=\"127\">S\u00e3o Jo\u00e3o Das Miss\u00f5es<\/td>\n<\/tr>\n<tr>\n<td width=\"44\">97<\/td>\n<td width=\"127\">S\u00e3o Jo\u00e3o Do Pacu\u00ed<\/td>\n<\/tr>\n<tr>\n<td width=\"44\">98<\/td>\n<td width=\"127\">S\u00e3o Jo\u00e3o Do Para\u00edso<\/td>\n<\/tr>\n<tr>\n<td width=\"44\">99<\/td>\n<td width=\"127\">Senador Modestino Gon\u00e7alves<\/td>\n<\/tr>\n<tr>\n<td width=\"44\">100<\/td>\n<td width=\"127\">Taiobeiras<\/td>\n<\/tr>\n<tr>\n<td width=\"44\">101<\/td>\n<td width=\"127\">Te\u00f3filo Otoni<\/td>\n<\/tr>\n<tr>\n<td width=\"44\">102<\/td>\n<td width=\"127\">Turmalina<\/td>\n<\/tr>\n<tr>\n<td width=\"44\">103<\/td>\n<td width=\"127\">Uruana De Minas<\/td>\n<\/tr>\n<tr>\n<td width=\"44\">104<\/td>\n<td width=\"127\">Urucuia<\/td>\n<\/tr>\n<tr>\n<td width=\"44\">105<\/td>\n<td width=\"127\">Vargem Grande Do Rio Pardo<\/td>\n<\/tr>\n<tr>\n<td width=\"44\">106<\/td>\n<td width=\"127\">V\u00e1rzea Da Palma<\/td>\n<\/tr>\n<tr>\n<td width=\"44\">107<\/td>\n<td width=\"127\">Verdel\u00e2ndia<\/td>\n<\/tr>\n<tr>\n<td width=\"44\">108<\/td>\n<td width=\"127\">Virgem Da Lapa<\/td>\n<\/tr>\n<\/tbody>\n<\/table>\n<ul style=\"list-style-type: circle;\">\n<li>SEI_101603988_Edital_de_Credenciamento<br \/>\n<iframe src=\"\/\/docs.google.com\/viewer?url=http%3A%2F%2Fwww.idene.mg.gov.br%2Fsite%2Fwp-content%2Fuploads%2F2024%2F11%2FSEI_101603988_Edital_de_Credenciamento_.pdf&hl=pt_BR&embedded=true\" class=\"gde-frame\" style=\"width:100%; height:500px; border: none;\" scrolling=\"no\"><\/iframe>\n<p class=\"gde-text\"><a href=\"http:\/\/www.idene.mg.gov.br\/site\/wp-content\/uploads\/2024\/11\/SEI_101603988_Edital_de_Credenciamento_.pdf\" class=\"gde-link\">Download (PDF, 308KB)<\/a><\/p><\/li>\n<li>Declaracao_de_Capacidade_Operacional LPI &#8211;<br \/>\n<iframe src=\"\/\/docs.google.com\/viewer?url=http%3A%2F%2Fwww.idene.mg.gov.br%2Fsite%2Fwp-content%2Fuploads%2F2024%2F11%2FDeclaracao_de_Capacidade_Operacional_lpi.pdf&hl=pt_BR&embedded=true\" class=\"gde-frame\" style=\"width:100%; height:500px; border: none;\" scrolling=\"no\"><\/iframe>\n<p class=\"gde-text\"><a href=\"http:\/\/www.idene.mg.gov.br\/site\/wp-content\/uploads\/2024\/11\/Declaracao_de_Capacidade_Operacional_lpi.pdf\" class=\"gde-link\">Download (PDF, 154KB)<\/a><\/p><\/li>\n<li>Declaracao_Unificada_LPI &#8211;<br \/>\n<iframe src=\"\/\/docs.google.com\/viewer?url=http%3A%2F%2Fwww.idene.mg.gov.br%2Fsite%2Fwp-content%2Fuploads%2F2024%2F11%2FDeclaracao_Unificada_LPI-1.pdf&hl=pt_BR&embedded=true\" class=\"gde-frame\" style=\"width:100%; height:500px; border: none;\" scrolling=\"no\"><\/iframe>\n<p class=\"gde-text\"><a href=\"http:\/\/www.idene.mg.gov.br\/site\/wp-content\/uploads\/2024\/11\/Declaracao_Unificada_LPI-1.pdf\" class=\"gde-link\">Download (PDF, 116KB)<\/a><\/p><\/li>\n<li>Ficha_de_Inscricao LPI &#8211;<br \/>\n<iframe src=\"\/\/docs.google.com\/viewer?url=http%3A%2F%2Fwww.idene.mg.gov.br%2Fsite%2Fwp-content%2Fuploads%2F2024%2F11%2FFicha_de_Inscricao_LPI.pdf&hl=pt_BR&embedded=true\" class=\"gde-frame\" style=\"width:100%; height:500px; border: none;\" scrolling=\"no\"><\/iframe>\n<p class=\"gde-text\"><a href=\"http:\/\/www.idene.mg.gov.br\/site\/wp-content\/uploads\/2024\/11\/Ficha_de_Inscricao_LPI.pdf\" class=\"gde-link\">Download (PDF, 45KB)<\/a><\/p><\/li>\n<li>Relacao_dos_Produtores LPI &#8211;<\/li>\n<li><iframe src=\"\/\/docs.google.com\/viewer?url=http%3A%2F%2Fwww.idene.mg.gov.br%2Fsite%2Fwp-content%2Fuploads%2F2024%2F11%2FRelacao_dos_Produtores_LPI.pdf&hl=pt_BR&embedded=true\" class=\"gde-frame\" style=\"width:100%; height:500px; border: none;\" scrolling=\"no\"><\/iframe>\n<p class=\"gde-text\"><a href=\"http:\/\/www.idene.mg.gov.br\/site\/wp-content\/uploads\/2024\/11\/Relacao_dos_Produtores_LPI.pdf\" class=\"gde-link\">Download (PDF, 39KB)<\/a><\/p><\/li>\n<li><iframe src=\"\/\/docs.google.com\/viewer?url=http%3A%2F%2Fwww.idene.mg.gov.br%2Fsite%2Fwp-content%2Fuploads%2F2024%2F11%2F01-caderno1_2024_12_07_compressed.pdf&hl=pt_BR&embedded=true\" class=\"gde-frame\" style=\"width:100%; height:500px; border: none;\" scrolling=\"no\"><\/iframe>\n<p class=\"gde-text\"><a href=\"http:\/\/www.idene.mg.gov.br\/site\/wp-content\/uploads\/2024\/11\/01-caderno1_2024_12_07_compressed.pdf\" class=\"gde-link\">Download (PDF, 503KB)<\/a><\/p><\/li>\n<li><iframe src=\"\/\/docs.google.com\/viewer?url=http%3A%2F%2Fwww.idene.mg.gov.br%2Fsite%2Fwp-content%2Fuploads%2F2024%2F11%2F02-caderno1_2024_12_14_compressed.pdf&hl=pt_BR&embedded=true\" class=\"gde-frame\" style=\"width:100%; height:500px; border: none;\" scrolling=\"no\"><\/iframe>\n<p class=\"gde-text\"><a href=\"http:\/\/www.idene.mg.gov.br\/site\/wp-content\/uploads\/2024\/11\/02-caderno1_2024_12_14_compressed.pdf\" class=\"gde-link\">Download (PDF, 492KB)<\/a><\/p><\/li>\n<li><iframe src=\"\/\/docs.google.com\/viewer?url=http%3A%2F%2Fwww.idene.mg.gov.br%2Fsite%2Fwp-content%2Fuploads%2F2024%2F11%2F03-caderno1_2024_12_18_compressed.pdf&hl=pt_BR&embedded=true\" class=\"gde-frame\" style=\"width:100%; height:500px; border: none;\" scrolling=\"no\"><\/iframe>\n<p class=\"gde-text\"><a href=\"http:\/\/www.idene.mg.gov.br\/site\/wp-content\/uploads\/2024\/11\/03-caderno1_2024_12_18_compressed.pdf\" class=\"gde-link\">Download (PDF, 1.77MB)<\/a><\/p><\/li>\n<li><iframe src=\"\/\/docs.google.com\/viewer?url=http%3A%2F%2Fwww.idene.mg.gov.br%2Fsite%2Fwp-content%2Fuploads%2F2024%2F11%2F04-caderno1_2025_01_04_compressed.pdf&hl=pt_BR&embedded=true\" class=\"gde-frame\" style=\"width:100%; height:500px; border: none;\" scrolling=\"no\"><\/iframe>\n<p class=\"gde-text\"><a href=\"http:\/\/www.idene.mg.gov.br\/site\/wp-content\/uploads\/2024\/11\/04-caderno1_2025_01_04_compressed.pdf\" class=\"gde-link\">Download (PDF, 542KB)<\/a><\/p><\/li>\n<li><\/li>\n<\/ul>\n<div class=\"x_elementToProof\" style=\"text-align: center;\"><span style=\"font-family: arial, helvetica, sans-serif;\"><b data-olk-copy-source=\"MessageBody\">Para mais informa\u00e7\u00f5es sobre o Programa Leite para a Primeira Inf\u00e2ncia, entre em contato conosco <\/b><\/span><\/div>\n<div class=\"x_elementToProof\" style=\"text-align: center;\"><span style=\"font-family: arial, helvetica, sans-serif;\"><b data-olk-copy-source=\"MessageBody\">pelo e-mail:<\/b><\/span><\/div>\n<div class=\"x_elementToProof\" style=\"text-align: center;\"><span style=\"font-family: arial, helvetica, sans-serif;\"><b>Email: distribuicao.primeirainfancia@idene.mg.gov.br<\/b><\/span><\/div>\n<div class=\"x_elementToProof\" style=\"text-align: center;\"><span style=\"font-family: arial, helvetica, sans-serif;\"><b>Telefone:<\/b>\u00a0<b>(31) 3915-5162<\/b><\/span><\/div>\n<p>&nbsp;<\/p>\n<div><\/div>\n<div style=\"text-align: center;\">&#8212;&#8212;&#8212;&#8212;&#8212;&#8212;&#8212;&#8212;&#8212;&#8212;&#8212;&#8212;&#8212;&#8212;&#8212;&#8212;&#8212;&#8212;&#8212;&#8212;&#8212;&#8212;&#8212;&#8212;&#8212;&#8212;&#8212;&#8212;&#8212;&#8212;&#8212;-<\/div>\n<div><\/div>\n<p>&nbsp;<\/p>\n","protected":false},"excerpt":{"rendered":"<p>Rela&ccedil;&atilde;o dos munic&iacute;pios atendidos pelo Programa Leite para a Primeira Inf&acirc;ncia, com a distribui&ccedil;&atilde;o de leite realizada por cooperativas e associa&ccedil;&otilde;es devidamente credenciadas: 1 &Aacute;gua Boa 2 &Aacute;guas Vermelhas 3 Ara&ccedil;ua&iacute; 4 Arinos 5 Berilo 6 Berizal 7 Bonfin&oacute;polis 8 Bonito De Minas 9 Botumirim 10 Bras&iacute;lia De Minas 11 Buen&oacute;polis 12 Buritizeiro 13 Campo [&hellip;]<\/p>\n","protected":false},"author":1,"featured_media":4618,"comment_status":"open","ping_status":"open","sticky":false,"template":"","format":"standard","meta":{"kia_subtitle":"","_FSMCFIC_featured_image_caption":"","_FSMCFIC_featured_image_nocaption":"","_FSMCFIC_featured_image_hide":""},"categories":[3],"tags":[],"_links":{"self":[{"href":"http:\/\/www.idene.mg.gov.br\/site\/wp-json\/wp\/v2\/posts\/5320"}],"collection":[{"href":"http:\/\/www.idene.mg.gov.br\/site\/wp-json\/wp\/v2\/posts"}],"about":[{"href":"http:\/\/www.idene.mg.gov.br\/site\/wp-json\/wp\/v2\/types\/post"}],"author":[{"embeddable":true,"href":"http:\/\/www.idene.mg.gov.br\/site\/wp-json\/wp\/v2\/users\/1"}],"replies":[{"embeddable":true,"href":"http:\/\/www.idene.mg.gov.br\/site\/wp-json\/wp\/v2\/comments?post=5320"}],"version-history":[{"count":14,"href":"http:\/\/www.idene.mg.gov.br\/site\/wp-json\/wp\/v2\/posts\/5320\/revisions"}],"predecessor-version":[{"id":5594,"href":"http:\/\/www.idene.mg.gov.br\/site\/wp-json\/wp\/v2\/posts\/5320\/revisions\/5594"}],"wp:featuredmedia":[{"embeddable":true,"href":"http:\/\/www.idene.mg.gov.br\/site\/wp-json\/wp\/v2\/media\/4618"}],"wp:attachment":[{"href":"http:\/\/www.idene.mg.gov.br\/site\/wp-json\/wp\/v2\/media?parent=5320"}],"wp:term":[{"taxonomy":"category","embeddable":true,"href":"http:\/\/www.idene.mg.gov.br\/site\/wp-json\/wp\/v2\/categories?post=5320"},{"taxonomy":"post_tag","embeddable":true,"href":"http:\/\/www.idene.mg.gov.br\/site\/wp-json\/wp\/v2\/tags?post=5320"}],"curies":[{"name":"wp","href":"https:\/\/api.w.org\/{rel}","templated":true}]}}