{"id":5349,"date":"2024-11-22T11:36:43","date_gmt":"2024-11-22T14:36:43","guid":{"rendered":"http:\/\/www.idene.mg.gov.br\/site\/?p=5349"},"modified":"2025-02-06T11:55:35","modified_gmt":"2025-02-06T14:55:35","slug":"idene-e-correios-promovem-em-montes-claros-capacitacao-gratuita-em-vendas-online-e-comercio-exterior","status":"publish","type":"post","link":"http:\/\/www.idene.mg.gov.br\/site\/idene-e-correios-promovem-em-montes-claros-capacitacao-gratuita-em-vendas-online-e-comercio-exterior\/","title":{"rendered":"Idene e Correios promovem em Montes Claros capacita\u00e7\u00e3o gratuita em vendas online e com\u00e9rcio exterior"},"content":{"rendered":"<p>Poder\u00e3o participar empreendedores de pequenos neg\u00f3cios em produtos, servi\u00e7os e equipamentos em qualquer \u00e1rea.<\/p>\n<p><span style=\"color: #000000;\">Os pequenos neg\u00f3cios representam importante parcela da economia brasileira e responderam, no ano passado, por 30% do Produto Interno Bruto (PIB) do pa\u00eds, de acordo com levantamento do Instituto Brasileiro de Geografia e Estat\u00edstica (IBGE). Ao mesmo tempo, o com\u00e9rcio online vem crescendo anualmente no Brasil e neste ano poder\u00e1 ter um aumento de at\u00e9 10,45%, de acordo com a Associa\u00e7\u00e3o Brasileira de Com\u00e9rcio Eletr\u00f4nico (Abcomm).<\/span><\/p>\n<p><span style=\"color: #000000;\">Ciente da import\u00e2ncia econ\u00f4mica dos pequenos neg\u00f3cios para a economia &#8211; no ano passado eles geraram mais de 1,18 milh\u00e3o de empregos -, de acordo com o Sebrae, e disposto a contribuir para que possam expandir suas vendas pelos meios eletr\u00f4nicos, o Instituto de Desenvolvimento do Norte e Nordeste de Minas Gerais (Idene) realizar\u00e1 em Montes Claros, juntamente com os Correios, capacita\u00e7\u00e3o em com\u00e9rcio exterior e e-commerce para pequenos empreendedores fornecedores de produtos, servi\u00e7os e equipamentos em qualquer \u00e1rea. A mesma capacita\u00e7\u00e3o foi realizada em outubro em Te\u00f3filo Otoni, com grande sucesso, o que motivou a sua realiza\u00e7\u00e3o em Montes Claros,<\/span><\/p>\n<p><span style=\"color: #000000;\">Ser\u00e1 realizada nos dias 26 e 27 de novembro, no audit\u00f3rio da Associa\u00e7\u00e3o Comercial, Industrial e de Servi\u00e7os de Montes Claros (ACI), entidade apoiadora do evento. As vagas s\u00e3o limitadas a 100 pessoas por dia e as inscri\u00e7\u00f5es podem ser realizadas gratuitamente no link na bio do instagram <a style=\"color: #000000;\" href=\"https:\/\/www.instagram.com\/idenemg\/\">@idenemg<\/a>.<\/span><\/p>\n<p><span style=\"color: #000000;\">O evento quer fomentar a capacita\u00e7\u00e3o do maior n\u00famero poss\u00edvel de empreendedores em diversas \u00e1reas como alimenta\u00e7\u00e3o &#8211; produtores de queijos, doces, geleias, biscoitos e frutas beneficiadas do cerrado, vestu\u00e1rio, bijuterias, pe\u00e7as de artesanato utilit\u00e1rio e de decora\u00e7\u00e3o e de artes pl\u00e1sticas como pinturas e esculturas e servi\u00e7os diversos como de beleza e cuidados com o corpo, entre muitos outros. \u201cO curso est\u00e1 aberto a todos os empreendedores que queiram conhecer como vender seus produtos e servi\u00e7os pelos meios eletr\u00f4nicos utilizando site, facebook, instagram e mesmo o whatsApp\u201d, informa o diretor geral do Idene, Carlos Alexandre Gon\u00e7alves. Aliado a isso, os Correios apresentar\u00e3o tamb\u00e9m diversas formas para enviar com o melhor custo-benef\u00edcio os produtos para outros estados e pa\u00edses.<\/span><\/p>\n<p><span style=\"color: #000000;\">\u201cMuitos empreendedores desconhecem a pot\u00eancia do mercado eletr\u00f4nico de vendas ou pensa que este tipo de com\u00e9rcio n\u00e3o se adequa ao seu perfil. \u00c9 isso que essa parceria Idene e Correios quer desmistificar, esclarecendo a eles que este \u00e9 um importante nicho que podem explorar para aumentarem suas vendas e crescer o seu neg\u00f3cio\u201d, ressalta o diretor-geral do Instituto.<\/span><\/p>\n<p><strong>SERVI\u00c7O:<\/strong><\/p>\n<p><strong>Evento de Capacita\u00e7\u00e3o:<\/strong> Vendas pela internet e com\u00e9rcio exterior<br \/>\n<strong>Data:<\/strong> 26 e 27 de novembro 2024<br \/>\n<strong>Hor\u00e1rio:<\/strong> 8h30 \u00e0s 17h30<br \/>\n<strong>Local:<\/strong> Audit\u00f3rio da ACI &#8211; Av. Major Alexandre Rodrigues, 232, Ibituruna, Montes Claros \u2013 MG<br \/>\n<strong>Inscri\u00e7\u00f5es Gratuitas:<\/strong> no link na bio do instagram <a href=\"https:\/\/www.instagram.com\/idenemg\/\">@idenemg<\/a>.<\/p>\n","protected":false},"excerpt":{"rendered":"<p>Poder&atilde;o participar empreendedores de pequenos neg&oacute;cios em produtos, servi&ccedil;os e equipamentos em qualquer &aacute;rea. Os pequenos neg&oacute;cios representam importante parcela da economia brasileira e responderam, no ano passado, por 30% do Produto Interno Bruto (PIB) do pa&iacute;s, de acordo com levantamento do Instituto Brasileiro de Geografia e Estat&iacute;stica (IBGE). Ao mesmo tempo, o com&eacute;rcio online [&hellip;]<\/p>\n","protected":false},"author":5,"featured_media":5350,"comment_status":"open","ping_status":"open","sticky":false,"template":"","format":"standard","meta":{"kia_subtitle":"","_FSMCFIC_featured_image_caption":"A imagem ilustra a primeira capacita\u00e7\u00e3o que ocorreu em Outubro em Te\u00f3filo Otoni","_FSMCFIC_featured_image_nocaption":"","_FSMCFIC_featured_image_hide":""},"categories":[1],"tags":[9,11,12,7,8,10],"_links":{"self":[{"href":"http:\/\/www.idene.mg.gov.br\/site\/wp-json\/wp\/v2\/posts\/5349"}],"collection":[{"href":"http:\/\/www.idene.mg.gov.br\/site\/wp-json\/wp\/v2\/posts"}],"about":[{"href":"http:\/\/www.idene.mg.gov.br\/site\/wp-json\/wp\/v2\/types\/post"}],"author":[{"embeddable":true,"href":"http:\/\/www.idene.mg.gov.br\/site\/wp-json\/wp\/v2\/users\/5"}],"replies":[{"embeddable":true,"href":"http:\/\/www.idene.mg.gov.br\/site\/wp-json\/wp\/v2\/comments?post=5349"}],"version-history":[{"count":17,"href":"http:\/\/www.idene.mg.gov.br\/site\/wp-json\/wp\/v2\/posts\/5349\/revisions"}],"predecessor-version":[{"id":5448,"href":"http:\/\/www.idene.mg.gov.br\/site\/wp-json\/wp\/v2\/posts\/5349\/revisions\/5448"}],"wp:featuredmedia":[{"embeddable":true,"href":"http:\/\/www.idene.mg.gov.br\/site\/wp-json\/wp\/v2\/media\/5350"}],"wp:attachment":[{"href":"http:\/\/www.idene.mg.gov.br\/site\/wp-json\/wp\/v2\/media?parent=5349"}],"wp:term":[{"taxonomy":"category","embeddable":true,"href":"http:\/\/www.idene.mg.gov.br\/site\/wp-json\/wp\/v2\/categories?post=5349"},{"taxonomy":"post_tag","embeddable":true,"href":"http:\/\/www.idene.mg.gov.br\/site\/wp-json\/wp\/v2\/tags?post=5349"}],"curies":[{"name":"wp","href":"https:\/\/api.w.org\/{rel}","templated":true}]}}