{"id":5979,"date":"2025-10-20T11:13:04","date_gmt":"2025-10-20T14:13:04","guid":{"rendered":"http:\/\/www.idene.mg.gov.br\/site\/?p=5979"},"modified":"2025-10-20T11:27:55","modified_gmt":"2025-10-20T14:27:55","slug":"governo-de-minas-garante-distribuicao-de-400-mil-litros-de-leite-para-criancas-na-primeira-infancia","status":"publish","type":"post","link":"http:\/\/www.idene.mg.gov.br\/site\/governo-de-minas-garante-distribuicao-de-400-mil-litros-de-leite-para-criancas-na-primeira-infancia\/","title":{"rendered":"Governo de Minas garante distribui\u00e7\u00e3o de 400 mil litros de leite para crian\u00e7as na primeira inf\u00e2ncia"},"content":{"rendered":"<figure id=\"attachment_5985\" aria-describedby=\"caption-attachment-5985\" style=\"width: 300px\" class=\"wp-caption alignright\"><img decoding=\"async\" loading=\"lazy\" class=\"wp-image-5985 size-medium\" src=\"http:\/\/www.idene.mg.gov.br\/site\/wp-content\/uploads\/2025\/10\/WhatsApp-Image-2025-10-20-at-11.23.39-300x180.jpeg\" alt=\"\" width=\"300\" height=\"180\" srcset=\"http:\/\/www.idene.mg.gov.br\/site\/wp-content\/uploads\/2025\/10\/WhatsApp-Image-2025-10-20-at-11.23.39-300x180.jpeg 300w, http:\/\/www.idene.mg.gov.br\/site\/wp-content\/uploads\/2025\/10\/WhatsApp-Image-2025-10-20-at-11.23.39-80x48.jpeg 80w, http:\/\/www.idene.mg.gov.br\/site\/wp-content\/uploads\/2025\/10\/WhatsApp-Image-2025-10-20-at-11.23.39-768x460.jpeg 768w, http:\/\/www.idene.mg.gov.br\/site\/wp-content\/uploads\/2025\/10\/WhatsApp-Image-2025-10-20-at-11.23.39.jpeg 829w\" sizes=\"(max-width: 300px) 100vw, 300px\" \/><figcaption id=\"caption-attachment-5985\" class=\"wp-caption-text\">Cec\u00edlia Pereira<\/figcaption><\/figure>\n<p><span style=\"font-size: 14pt;\">\u201cQuem tem crian\u00e7a pequena sabe que a gente gasta bastante com leite. Al\u00e9m disso, o leite \u00e9 muito nutritivo e tem muitos benef\u00edcios para as crian\u00e7as na idade da primeira inf\u00e2ncia\u201d. O relato de Cec\u00edlia Pereira da Costa, m\u00e3e de uma crian\u00e7a de dois anos e natural de Lontra, na regi\u00e3o Norte de Minas, demonstra o impacto positivo do programa Leite para a Primeira Inf\u00e2ncia.<\/span><\/p>\n<p><span style=\"font-size: 14pt;\">A iniciativa do Governo de Minas, desenvolvida pela Secretaria de Estado de Desenvolvimento Social (Sedese) em parceria com o Instituto de Desenvolvimento do Norte e Nordeste de Minas Gerais (Idene), j\u00e1 distribuiu gratuitamente 400 mil litros de leite em 61 munic\u00edpios.<\/span><\/p>\n<p><span style=\"font-size: 14pt;\">Desde o lan\u00e7amento do programa, em abril deste ano, cerca de 16 mil fam\u00edlias, lideradas por m\u00e3es solo em situa\u00e7\u00e3o de vulnerabilidade econ\u00f4mica e nutricional inscritas no Cad\u00danico, recebem semanalmente tr\u00eas litros de leite destinado \u00e0s crian\u00e7as com idade entre dois e seis anos.<\/span><\/p>\n<p><span style=\"font-size: 14pt;\">O vice-governador, Mateus Sim\u00f5es, destaca que o programa \u00e9 uma das iniciativas mais importantes do Governo de Minas voltadas \u00e0 prote\u00e7\u00e3o da primeira inf\u00e2ncia.<\/span><\/p>\n<p><span style=\"font-size: 14pt;\">\u201cO Leite para a Primeira Inf\u00e2ncia \u00e9 um exemplo de pol\u00edtica p\u00fablica eficiente, que une duas pontas fundamentais: o cuidado com as nossas crian\u00e7as e o fortalecimento da economia local. Garantir alimenta\u00e7\u00e3o de qualidade para quem mais precisa \u00e9 investir no futuro de Minas Gerais\u201d, afirma.<\/span><\/p>\n<p><span style=\"font-size: 14pt;\">A secret\u00e1ria de Estado de Desenvolvimento Social, Al\u00ea Portela, refor\u00e7a a import\u00e2ncia do programa.<\/span><\/p>\n<p><span style=\"font-size: 14pt;\">\u201cCom o Leite para a Primeira Inf\u00e2ncia, estamos garantindo um alimento essencial para o crescimento e o desenvolvimento saud\u00e1vel das nossas crian\u00e7as. Mas esse programa vai al\u00e9m da assist\u00eancia &#8211; \u00e9 uma pol\u00edtica que transforma realidades, contribuindo para a melhoria da qualidade de vida da popula\u00e7\u00e3o, e ao mesmo tempo, fortalecendo a agricultura familiar e valoriza o trabalho dos pequenos produtores\u201d, enfatiza a secret\u00e1ria Al\u00ea Portela.<\/span><\/p>\n<p><span style=\"font-size: 14pt;\"><strong>Atendimento amplo<\/strong><\/span><\/p>\n<p><span style=\"font-size: 14pt;\">Al\u00e9m dos benef\u00edcios econ\u00f4micos para a fam\u00edlia e dos aspectos nutritivos do leite para o crescimento saud\u00e1vel das crian\u00e7as, o Leite para Primeira Inf\u00e2ncia oferece mais durabilidade. Entregue para as m\u00e3es tamb\u00e9m na forma UHT, o produto pode permanecer fresco por meses, sem a necessidade de refrigera\u00e7\u00e3o at\u00e9 a abertura da embalagem. Isso permite atender fam\u00edlias que vivem em \u00e1reas rurais e distantes da sede dos munic\u00edpios atendidos.<\/span><\/p>\n<p><span style=\"font-size: 14pt;\">\u201cAtender \u00e0s m\u00e3es solo inclusive em localidades distantes, como aquelas moradoras das zonas rurais, \u00e9 um compromisso do Governo de Minas para que o programa alcance, cada vez mais, um n\u00famero maior de crian\u00e7as, contribuindo para sua sa\u00fade e crescimento saud\u00e1vel\u201d, afirma o diretor-geral do Idene, Henrique Oliveira Carvalho.<\/span><\/p>\n<p><span style=\"font-size: 14pt;\"><strong>Oportunidade para pequenos produtores<\/strong><\/span><\/p>\n<p><span style=\"font-size: 14pt;\">Outro pilar do programa \u00e9 o fortalecimento da cadeia produtiva do leite, com foco nos pequenos produtores, que s\u00e3o fornecedores exclusivos do produto . Eles entregam o leite para os latic\u00ednios credenciados pelo Idene. Esses latic\u00ednios s\u00e3o respons\u00e1veis pelo beneficiamento e entrega do leite \u00e0s prefeituras, que repassam o alimento \u00e0s m\u00e3es atendidas.<\/span><\/p>\n<figure id=\"attachment_5984\" aria-describedby=\"caption-attachment-5984\" style=\"width: 300px\" class=\"wp-caption alignleft\"><img decoding=\"async\" loading=\"lazy\" class=\"wp-image-5984 size-medium\" src=\"http:\/\/www.idene.mg.gov.br\/site\/wp-content\/uploads\/2025\/10\/WhatsApp-Image-2025-10-20-at-11.20.04-300x169.jpeg\" alt=\"\" width=\"300\" height=\"169\" srcset=\"http:\/\/www.idene.mg.gov.br\/site\/wp-content\/uploads\/2025\/10\/WhatsApp-Image-2025-10-20-at-11.20.04-300x169.jpeg 300w, http:\/\/www.idene.mg.gov.br\/site\/wp-content\/uploads\/2025\/10\/WhatsApp-Image-2025-10-20-at-11.20.04-80x45.jpeg 80w, http:\/\/www.idene.mg.gov.br\/site\/wp-content\/uploads\/2025\/10\/WhatsApp-Image-2025-10-20-at-11.20.04-768x433.jpeg 768w, http:\/\/www.idene.mg.gov.br\/site\/wp-content\/uploads\/2025\/10\/WhatsApp-Image-2025-10-20-at-11.20.04.jpeg 848w\" sizes=\"(max-width: 300px) 100vw, 300px\" \/><figcaption id=\"caption-attachment-5984\" class=\"wp-caption-text\">Marcos Ferreira<\/figcaption><\/figure>\n<p><span style=\"font-size: 14pt;\">Marcos Geovane Ferreira, produtor rural de Riach\u00e3o, distrito de Montes Claros, assumiu h\u00e1 cinco anos a produ\u00e7\u00e3o de leite que antes era gerenciada pelo pai. Ele fornece cerca de 300 litros por m\u00eas ao programa do Governo de Minas e afirma que o principal benef\u00edcio \u00e9 o pre\u00e7o que recebe, cerca de R$2,81 pelo litro.<\/span><\/p>\n<p><span style=\"font-size: 14pt;\">\u201cEsse valor \u00e9 importante, porque \u00e9 est\u00e1vel e n\u00e3o oscila de acordo com o mercado. A gente sabe que vai receber sempre o mesmo pre\u00e7o. Isso ajuda principalmente na \u00e9poca da seca, entre maio e outubro, quando os insumos ficam mais caros\u201d, celebra o pequeno produtor.<\/span><\/p>\n<p>&nbsp;<\/p>\n","protected":false},"excerpt":{"rendered":"<p>&ldquo;Quem tem crian&ccedil;a pequena sabe que a gente gasta bastante com leite. Al&eacute;m disso, o leite &eacute; muito nutritivo e tem muitos benef&iacute;cios para as crian&ccedil;as na idade da primeira inf&acirc;ncia&rdquo;. O relato de Cec&iacute;lia Pereira da Costa, m&atilde;e de uma crian&ccedil;a de dois anos e natural de Lontra, na regi&atilde;o Norte de Minas, demonstra [&hellip;]<\/p>\n","protected":false},"author":8,"featured_media":5980,"comment_status":"open","ping_status":"open","sticky":false,"template":"","format":"standard","meta":{"kia_subtitle":"Programa desenvolvido pela Sedese e Idene j\u00e1 atendeu 16 mil fam\u00edlias do Norte e Nordeste do estado","_FSMCFIC_featured_image_caption":"","_FSMCFIC_featured_image_nocaption":"","_FSMCFIC_featured_image_hide":""},"categories":[1],"tags":[],"_links":{"self":[{"href":"http:\/\/www.idene.mg.gov.br\/site\/wp-json\/wp\/v2\/posts\/5979"}],"collection":[{"href":"http:\/\/www.idene.mg.gov.br\/site\/wp-json\/wp\/v2\/posts"}],"about":[{"href":"http:\/\/www.idene.mg.gov.br\/site\/wp-json\/wp\/v2\/types\/post"}],"author":[{"embeddable":true,"href":"http:\/\/www.idene.mg.gov.br\/site\/wp-json\/wp\/v2\/users\/8"}],"replies":[{"embeddable":true,"href":"http:\/\/www.idene.mg.gov.br\/site\/wp-json\/wp\/v2\/comments?post=5979"}],"version-history":[{"count":3,"href":"http:\/\/www.idene.mg.gov.br\/site\/wp-json\/wp\/v2\/posts\/5979\/revisions"}],"predecessor-version":[{"id":5986,"href":"http:\/\/www.idene.mg.gov.br\/site\/wp-json\/wp\/v2\/posts\/5979\/revisions\/5986"}],"wp:featuredmedia":[{"embeddable":true,"href":"http:\/\/www.idene.mg.gov.br\/site\/wp-json\/wp\/v2\/media\/5980"}],"wp:attachment":[{"href":"http:\/\/www.idene.mg.gov.br\/site\/wp-json\/wp\/v2\/media?parent=5979"}],"wp:term":[{"taxonomy":"category","embeddable":true,"href":"http:\/\/www.idene.mg.gov.br\/site\/wp-json\/wp\/v2\/categories?post=5979"},{"taxonomy":"post_tag","embeddable":true,"href":"http:\/\/www.idene.mg.gov.br\/site\/wp-json\/wp\/v2\/tags?post=5979"}],"curies":[{"name":"wp","href":"https:\/\/api.w.org\/{rel}","templated":true}]}}