{"id":6078,"date":"2026-01-26T11:26:38","date_gmt":"2026-01-26T14:26:38","guid":{"rendered":"http:\/\/www.idene.mg.gov.br\/site\/?p=6078"},"modified":"2026-01-26T11:33:48","modified_gmt":"2026-01-26T14:33:48","slug":"idene-doa-kits-para-apicultura-que-permitirao-aos-produtores-expandirem-sua-atividade","status":"publish","type":"post","link":"http:\/\/www.idene.mg.gov.br\/site\/idene-doa-kits-para-apicultura-que-permitirao-aos-produtores-expandirem-sua-atividade\/","title":{"rendered":"Idene doa kits para apicultura que permitir\u00e3o aos produtores expandirem sua atividade"},"content":{"rendered":"<p><span style=\"font-size: 14pt;\">O Instituto de Desenvolvimento do Norte e Nordeste de Minas Gerais (Idene) agregou \u00e0s suas a\u00e7\u00f5es em 2025 a distribui\u00e7\u00e3o gratuita de kits para apicultura. Foram doados no ano passado 65 kits para os munic\u00edpios de Sabin\u00f3polis (Vale do Rio Doce), Virgem da Lapa (Vale do Jequitinhonha) e para a Associa\u00e7\u00e3o de Apicultores Empreendedores do Norte de Minas (Aapiminas), sediada em Bocaiuva<\/span><\/p>\n<figure id=\"attachment_6081\" aria-describedby=\"caption-attachment-6081\" style=\"width: 203px\" class=\"wp-caption alignleft\"><img decoding=\"async\" loading=\"lazy\" class=\"wp-image-6081\" style=\"font-size: 18.6667px;\" src=\"http:\/\/www.idene.mg.gov.br\/site\/wp-content\/uploads\/2026\/01\/fc7ca293-0d9a-4051-a84c-496cfcfb2658-300x225.jpg\" alt=\"\" width=\"203\" height=\"152\" srcset=\"http:\/\/www.idene.mg.gov.br\/site\/wp-content\/uploads\/2026\/01\/fc7ca293-0d9a-4051-a84c-496cfcfb2658-300x225.jpg 300w, http:\/\/www.idene.mg.gov.br\/site\/wp-content\/uploads\/2026\/01\/fc7ca293-0d9a-4051-a84c-496cfcfb2658-1030x773.jpg 1030w, http:\/\/www.idene.mg.gov.br\/site\/wp-content\/uploads\/2026\/01\/fc7ca293-0d9a-4051-a84c-496cfcfb2658-80x60.jpg 80w, http:\/\/www.idene.mg.gov.br\/site\/wp-content\/uploads\/2026\/01\/fc7ca293-0d9a-4051-a84c-496cfcfb2658-768x576.jpg 768w, http:\/\/www.idene.mg.gov.br\/site\/wp-content\/uploads\/2026\/01\/fc7ca293-0d9a-4051-a84c-496cfcfb2658-1536x1152.jpg 1536w, http:\/\/www.idene.mg.gov.br\/site\/wp-content\/uploads\/2026\/01\/fc7ca293-0d9a-4051-a84c-496cfcfb2658.jpg 1600w\" sizes=\"(max-width: 203px) 100vw, 203px\" \/><figcaption id=\"caption-attachment-6081\" class=\"wp-caption-text\">Iduardo Pires dos Santos &#8211; Emater\/Sabin\u00f3polis<\/figcaption><\/figure>\n<p><span style=\"font-size: 14pt;\">Em Sabin\u00f3polis, a chegada dos novos kits vai contribuir para que os produtores ampliem a produ\u00e7\u00e3o de mel e pr\u00f3polis. Cada kit cont\u00e9m colmeias com caixa, quadros e cera alveolada; fumigadores; luvas e botas; materiais e equipamentos que s\u00e3o obrigat\u00f3rios para a atividade. \u201cCom os kits o produtor poder\u00e1 iniciar ou aprimorar a sua produ\u00e7\u00e3o\u201d, explica Iduardo Pires dos Santos, extensionista da Emater-MG no munic\u00edpio.<\/span><\/p>\n<p><span style=\"font-size: 14pt;\">De acordo com Santos, a economia inicial para o produtor com o novo kit \u00e9 de cerca de 3 mil reais, dinheiro que poder\u00e1 ser investido, entre outros, na manuten\u00e7\u00e3o do api\u00e1rio e na compra de ra\u00e7\u00e3o para as abelhas, principalmente na entressafra. Ele explica que um dos fatores para a boa produ\u00e7\u00e3o de mel e pr\u00f3polis em Sabin\u00f3polis \u00e9 a grande extens\u00e3o de mata nativa. Este tipo de vegeta\u00e7\u00e3o \u2013 que fornece o n\u00e9ctar e o p\u00f3len essenciais para as abelhas \u2013 chega a ocupar quase 50% da \u00e1rea do munic\u00edpio. Sabin\u00f3polis produz cerca de 100 t de mel por ano, boa parte voltada para a exporta\u00e7\u00e3o.<\/span><\/p>\n<p><span style=\"font-size: 14pt;\"><strong>Cursos gratuitos<\/strong><\/span><\/p>\n<p><span style=\"font-size: 14pt;\">Economia e fortalecimento da atividade tamb\u00e9m foram citados por D\u00e9cio Fernandes, presidente da Associa\u00e7\u00e3o de Apicultores Empreendedores do Norte de Minas (Aapiminas), sediada em Bocaiuva. A entidade recebeu do Idene 23 kits que permitir\u00e3o aos associados mais antigos ampliarem sua produ\u00e7\u00e3o, ao mesmo tempo em que possibilitar\u00e1 a novos produtores se iniciarem na atividade.<\/span><\/p>\n<p><span style=\"font-size: 14pt;\">Com o repasse gratuito dos kits os produtores n\u00e3o ter\u00e3o que desembolsar valores financeiros para expandir ou come\u00e7ar a produ\u00e7\u00e3o, e esse \u00e9 um grande benef\u00edcio, argumenta Fernandes. Ele explica que um kit possibilita uma produ\u00e7\u00e3o m\u00e9dia anual de 60 quilos de mel. No ano passado a Aapiminas contabilizou a produ\u00e7\u00e3o de cerca de 4 toneladas de mel. Tamb\u00e9m s\u00e3o produzidos pr\u00f3polis e geleia real, informou Fernandes. \u00a0<\/span><\/p>\n<figure id=\"attachment_6079\" aria-describedby=\"caption-attachment-6079\" style=\"width: 268px\" class=\"wp-caption alignright\"><img decoding=\"async\" loading=\"lazy\" class=\"wp-image-6079\" src=\"http:\/\/www.idene.mg.gov.br\/site\/wp-content\/uploads\/2026\/01\/7fbe9987-c29c-46cb-9bdb-02c152258a41-300x225.jpg\" alt=\"\" width=\"268\" height=\"201\" srcset=\"http:\/\/www.idene.mg.gov.br\/site\/wp-content\/uploads\/2026\/01\/7fbe9987-c29c-46cb-9bdb-02c152258a41-300x225.jpg 300w, http:\/\/www.idene.mg.gov.br\/site\/wp-content\/uploads\/2026\/01\/7fbe9987-c29c-46cb-9bdb-02c152258a41-1030x773.jpg 1030w, http:\/\/www.idene.mg.gov.br\/site\/wp-content\/uploads\/2026\/01\/7fbe9987-c29c-46cb-9bdb-02c152258a41-80x60.jpg 80w, http:\/\/www.idene.mg.gov.br\/site\/wp-content\/uploads\/2026\/01\/7fbe9987-c29c-46cb-9bdb-02c152258a41-768x576.jpg 768w, http:\/\/www.idene.mg.gov.br\/site\/wp-content\/uploads\/2026\/01\/7fbe9987-c29c-46cb-9bdb-02c152258a41.jpg 1032w\" sizes=\"(max-width: 268px) 100vw, 268px\" \/><figcaption id=\"caption-attachment-6079\" class=\"wp-caption-text\">Turma de apicultores da Aapiminas &#8211; Bocaiuva (MG)<\/figcaption><\/figure>\n<p><span style=\"font-size: 14pt;\">Para ajudar os iniciantes, a associa\u00e7\u00e3o promove gratuitamente cursos em Bocaiuva nos finais de semana. A associa\u00e7\u00e3o se prepara agora para colocar no mercado ainda no primeiro trimestre desse ano uma linha de cosm\u00e9ticos \u00e0 base de mel, incluindo xampus e pomadas.<\/span><\/p>\n<p><span style=\"font-size: 14pt;\"><strong>Capacita\u00e7\u00e3o<\/strong><\/span><\/p>\n<p><span style=\"font-size: 14pt;\">A apicultura est\u00e1 entre as quatro tem\u00e1ticas previstas no conv\u00eanio firmado entre o Idene e a Emater-MG voltado para a capacita\u00e7\u00e3o de 1500 produtores da agricultura familiar na produ\u00e7\u00e3o de queijo artesanal, fruticultura e agricultura irrigada.\u00a0 Por meio do conv\u00eanio foi criada a cartilha Apicultura: Boas pr\u00e1ticas de agropecu\u00e1ria, destinada a produtores rurais e pessoas interessadas em ingressar ou se aperfei\u00e7oar na atividade. A publica\u00e7\u00e3o pode ser baixada no site www.emater.mg.gov.br e tamb\u00e9m \u00a0no link da Bio do Idene no Instagram.<\/span><\/p>\n<p>&nbsp;<\/p>\n","protected":false},"excerpt":{"rendered":"<p>O Instituto de Desenvolvimento do Norte e Nordeste de Minas Gerais (Idene) agregou &agrave;s suas a&ccedil;&otilde;es em 2025 a distribui&ccedil;&atilde;o gratuita de kits para apicultura. Foram doados no ano passado 65 kits para os munic&iacute;pios de Sabin&oacute;polis (Vale do Rio Doce), Virgem da Lapa (Vale do Jequitinhonha) e para a Associa&ccedil;&atilde;o de Apicultores Empreendedores do [&hellip;]<\/p>\n","protected":false},"author":8,"featured_media":6080,"comment_status":"open","ping_status":"open","sticky":false,"template":"","format":"standard","meta":{"kia_subtitle":"Repasse gratuito inclui os equipamentos necess\u00e1rios para a boa produ\u00e7\u00e3o ap\u00edcola","_FSMCFIC_featured_image_caption":"","_FSMCFIC_featured_image_nocaption":"","_FSMCFIC_featured_image_hide":""},"categories":[1],"tags":[],"_links":{"self":[{"href":"http:\/\/www.idene.mg.gov.br\/site\/wp-json\/wp\/v2\/posts\/6078"}],"collection":[{"href":"http:\/\/www.idene.mg.gov.br\/site\/wp-json\/wp\/v2\/posts"}],"about":[{"href":"http:\/\/www.idene.mg.gov.br\/site\/wp-json\/wp\/v2\/types\/post"}],"author":[{"embeddable":true,"href":"http:\/\/www.idene.mg.gov.br\/site\/wp-json\/wp\/v2\/users\/8"}],"replies":[{"embeddable":true,"href":"http:\/\/www.idene.mg.gov.br\/site\/wp-json\/wp\/v2\/comments?post=6078"}],"version-history":[{"count":5,"href":"http:\/\/www.idene.mg.gov.br\/site\/wp-json\/wp\/v2\/posts\/6078\/revisions"}],"predecessor-version":[{"id":6086,"href":"http:\/\/www.idene.mg.gov.br\/site\/wp-json\/wp\/v2\/posts\/6078\/revisions\/6086"}],"wp:featuredmedia":[{"embeddable":true,"href":"http:\/\/www.idene.mg.gov.br\/site\/wp-json\/wp\/v2\/media\/6080"}],"wp:attachment":[{"href":"http:\/\/www.idene.mg.gov.br\/site\/wp-json\/wp\/v2\/media?parent=6078"}],"wp:term":[{"taxonomy":"category","embeddable":true,"href":"http:\/\/www.idene.mg.gov.br\/site\/wp-json\/wp\/v2\/categories?post=6078"},{"taxonomy":"post_tag","embeddable":true,"href":"http:\/\/www.idene.mg.gov.br\/site\/wp-json\/wp\/v2\/tags?post=6078"}],"curies":[{"name":"wp","href":"https:\/\/api.w.org\/{rel}","templated":true}]}}