{"id":6240,"date":"2026-04-30T10:35:50","date_gmt":"2026-04-30T13:35:50","guid":{"rendered":"http:\/\/www.idene.mg.gov.br\/site\/?p=6240"},"modified":"2026-04-30T10:41:50","modified_gmt":"2026-04-30T13:41:50","slug":"leite-para-primeira-infancia-completa-um-ano-transformando-a-realidade-de-50-mil-familias","status":"publish","type":"post","link":"http:\/\/www.idene.mg.gov.br\/site\/leite-para-primeira-infancia-completa-um-ano-transformando-a-realidade-de-50-mil-familias\/","title":{"rendered":"Leite para Primeira Inf\u00e2ncia completa um ano transformando a realidade de 50 mil fam\u00edlias"},"content":{"rendered":"<p><span style=\"font-size: 14pt;\">&#8220;Tem muitas m\u00e3es que n\u00e3o t\u00eam condi\u00e7\u00e3o de comprar o leite. Sou m\u00e3e de tr\u00eas filhos: Bianca, Elo\u00e1 e Edmilson, e eles foram contemplados com o programa. \u00c0s vezes, os filhos adoecem, n\u00e3o querem uma comida, mas tem um leite ali. Ent\u00e3o, ajuda muito a gente&#8221;, celebra Sabrina Pereira Ferreira.<\/span><\/p>\n<figure id=\"attachment_6241\" aria-describedby=\"caption-attachment-6241\" style=\"width: 300px\" class=\"wp-caption alignleft\"><img decoding=\"async\" loading=\"lazy\" class=\"wp-image-6241 size-medium\" src=\"http:\/\/www.idene.mg.gov.br\/site\/wp-content\/uploads\/2026\/04\/sabrina_idene_divulgacao-300x169.jpg\" alt=\"\" width=\"300\" height=\"169\" srcset=\"http:\/\/www.idene.mg.gov.br\/site\/wp-content\/uploads\/2026\/04\/sabrina_idene_divulgacao-300x169.jpg 300w, http:\/\/www.idene.mg.gov.br\/site\/wp-content\/uploads\/2026\/04\/sabrina_idene_divulgacao-80x45.jpg 80w, http:\/\/www.idene.mg.gov.br\/site\/wp-content\/uploads\/2026\/04\/sabrina_idene_divulgacao-768x432.jpg 768w, http:\/\/www.idene.mg.gov.br\/site\/wp-content\/uploads\/2026\/04\/sabrina_idene_divulgacao.jpg 800w\" sizes=\"(max-width: 300px) 100vw, 300px\" \/><figcaption id=\"caption-attachment-6241\" class=\"wp-caption-text\">Sabrina Pereira &#8211; Te\u00f3filo Otoni\/MG<\/figcaption><\/figure>\n<p><span style=\"font-size: 14pt;\">Moradora de Te\u00f3filo Otoni, a auxiliar de servi\u00e7os gerais estava entre as primeiras mulheres atendidas pelo Leite para a Primeira Inf\u00e2ncia no Vale do Mucuri. Assim como Sabrina, outras m\u00e3es solo comemoram o acesso gratuito ao leite, alimento essencial para os filhos mesmo nos momentos de maior dificuldade financeira.<\/span><\/p>\n<p><span style=\"font-size: 14pt;\">Esse impacto tamb\u00e9m \u00e9 sentido por Isabel Reyes, que acompanha de perto a diferen\u00e7a do programa no crescimento do filho. &#8220;O programa ajuda muito o desenvolvimento da minha crian\u00e7a. Ele gosta muito do leite&#8221;, conta. Para Isabel, a vantagem vai al\u00e9m da mesa: \u00e9 a tranquilidade de saber que a nutri\u00e7\u00e3o dos filhos est\u00e1 assegurada toda semana.<\/span><\/p>\n<p><span style=\"font-size: 14pt;\">Lan\u00e7ado em abril de 2025 pelo Governo de Minas, o programa j\u00e1 faz parte da rotina de milhares de fam\u00edlias que recebem tr\u00eas litros de leite por semana para cada crian\u00e7a de 2 a 6 anos, ajudando na complementa\u00e7\u00e3o da alimenta\u00e7\u00e3o nessa fase essencial do desenvolvimento f\u00edsico e cognitivo.<\/span><\/p>\n<p><span style=\"font-size: 14pt;\">O governador de Minas Gerais, Mateus Sim\u00f5es, destaca o significado do programa para a pol\u00edtica social do estado.<\/span><\/p>\n<p><span style=\"font-size: 14pt;\">&#8220;O Leite para a Primeira Inf\u00e2ncia \u00e9 um exemplo de como o Governo de Minas atua com efici\u00eancia e cuidado onde a necessidade \u00e9 maior. Em um ano, transformamos a realidade de dezenas de milhares de fam\u00edlias, garantindo refor\u00e7o nutricional para crian\u00e7as em fase de desenvolvimento e apoio a m\u00e3es que enfrentam desafios di\u00e1rios. Vamos seguir ampliando essa iniciativa para que cada vez mais mineiros possam sentir essa diferen\u00e7a&#8221;, afirma o governador Mateus Sim\u00f5es.<\/span><\/p>\n<p><span style=\"font-size: 14pt;\">A iniciativa come\u00e7ou pelas regi\u00f5es de abrang\u00eancia do Instituto de Desenvolvimento do Norte e Nordeste de Minas (Idene), onde j\u00e1 atende quase 20 mil fam\u00edlias. Em um ano, o programa, liderado pela Secretaria de Estado de Desenvolvimento Social (Sedese), foi ampliado e j\u00e1 est\u00e1 presente em mais de cem munic\u00edpios mineiros, com mais de 1,4 milh\u00e3o de litros distribu\u00eddos.<\/span><\/p>\n<p><span style=\"font-size: 14pt;\"><strong>Grande BH<\/strong><\/span><\/p>\n<p><span style=\"font-size: 14pt;\">Recentemente, o Leite para a Primeira Inf\u00e2ncia chegou \u00e0 Regi\u00e3o Metropolitana de Belo Horizonte (RMBH), alcan\u00e7ando mais 29 mil fam\u00edlias.<\/span><\/p>\n<p><span style=\"font-size: 14pt;\">\u00c9 o caso da cuidadora de idosos Paloma Almeida, de Sabar\u00e1. M\u00e3e solo, ela \u00e9 respons\u00e1vel pelas crian\u00e7as e pela casa. &#8220;Eu passei por cirurgia no c\u00e9rebro, fiquei internada mais de um m\u00eas. Foi muito dif\u00edcil para mim e para as minhas filhas tamb\u00e9m. Este projeto chegou em boa hora e est\u00e1 me ajudando demais&#8221;, conta Paloma.<\/span><\/p>\n<p><span style=\"font-size: 14pt;\">O secret\u00e1rio de Estado interino de Desenvolvimento Social, Ricardo Alves, refor\u00e7a como o programa tem um impacto direto na vida das fam\u00edlias mineiras.<\/span><\/p>\n<p><span style=\"font-size: 14pt;\">&#8220;Estamos falando de uma a\u00e7\u00e3o que fortalece a seguran\u00e7a alimentar para milhares de crian\u00e7as e, ao mesmo tempo, apoia m\u00e3es solo em situa\u00e7\u00e3o de vulnerabilidade. O leite chega onde \u00e9 mais necess\u00e1rio, promovendo dignidade, desenvolvimento e cuidado com quem mais precisa&#8221;, destaca Ricardo Alves.<\/span><\/p>\n<p><span style=\"font-size: 14pt;\"><strong>\u00a0Fortalecimento do pequeno produtor<\/strong><\/span><\/p>\n<p><span style=\"font-size: 14pt;\">Al\u00e9m do impacto social, o programa fortalece a economia local. S\u00e3o 424 pequenos produtores credenciados como fornecedores exclusivos e cerca de R$ 3 milh\u00f5es repassados \u00e0 agricultura familiar em um ano, garantindo renda est\u00e1vel e pre\u00e7o justo no campo.<\/span><\/p>\n<figure id=\"attachment_6245\" aria-describedby=\"caption-attachment-6245\" style=\"width: 226px\" class=\"wp-caption alignleft\"><img decoding=\"async\" loading=\"lazy\" class=\"wp-image-6245 size-medium\" src=\"http:\/\/www.idene.mg.gov.br\/site\/wp-content\/uploads\/2026\/04\/Ananias-produtor-lPI-226x300.jpeg\" alt=\"\" width=\"226\" height=\"300\" srcset=\"http:\/\/www.idene.mg.gov.br\/site\/wp-content\/uploads\/2026\/04\/Ananias-produtor-lPI-226x300.jpeg 226w, http:\/\/www.idene.mg.gov.br\/site\/wp-content\/uploads\/2026\/04\/Ananias-produtor-lPI-775x1030.jpeg 775w, http:\/\/www.idene.mg.gov.br\/site\/wp-content\/uploads\/2026\/04\/Ananias-produtor-lPI-60x80.jpeg 60w, http:\/\/www.idene.mg.gov.br\/site\/wp-content\/uploads\/2026\/04\/Ananias-produtor-lPI-768x1021.jpeg 768w, http:\/\/www.idene.mg.gov.br\/site\/wp-content\/uploads\/2026\/04\/Ananias-produtor-lPI-1156x1536.jpeg 1156w, http:\/\/www.idene.mg.gov.br\/site\/wp-content\/uploads\/2026\/04\/Ananias-produtor-lPI.jpeg 1204w\" sizes=\"(max-width: 226px) 100vw, 226px\" \/><figcaption id=\"caption-attachment-6245\" class=\"wp-caption-text\">Ananias Soares<\/figcaption><\/figure>\n<p><span style=\"font-size: 14pt;\">Produtor em Montes Claros, no Norte de Minas, Ananias Soares afirma que a iniciativa foi essencial para manter sua atividade. O programa paga R$ 2,81 por litro de leite, valor superior ao praticado no mercado, que gira em torno de R$ 1,30.<\/span><\/p>\n<p><span style=\"font-size: 14pt;\">&#8220;Eu gasto R$ 1,80 para produzir um litro de leite, ou seja, estava pagando para trabalhar. Com o programa, tenho tranquilidade e incentivo para continuar&#8221;, explica o produtor. Atualmente, ele fornece cerca de 1,5 mil litros por m\u00eas para o programa.<\/span><\/p>\n<p><span style=\"font-size: 14pt;\">Em Francisco Dumont, o produtor Alison Fonseca tamb\u00e9m percebe o impacto do programa. Com um plantel de 20 animais, ele fornece aproximadamente 750 litros mensais. &#8220;Com o valor que a gente recebe conseguimos tratar melhor o gado e manter a produ\u00e7\u00e3o, principalmente no per\u00edodo da seca, quando os custos aumentam&#8221;, destaca Francisco.<\/span><\/p>\n<p><span style=\"font-size: 14pt;\">O diretor-geral do Idene, Henrique Carvalho, refor\u00e7a como o programa cumpre um papel fundamental no campo e na alimenta\u00e7\u00e3o das crian\u00e7as. &#8220;Ao garantir um pre\u00e7o justo ao pequeno produtor, acima do valor de mercado, o programa cria uma cadeia virtuosa: o agricultor familiar tem renda digna para continuar produzindo, e a crian\u00e7a tem acesso a um alimento de qualidade. \u00c9 uma pol\u00edtica que cuida das duas pontas&#8221;, destaca Henrique.<\/span><\/p>\n<p>&nbsp;<\/p>\n","protected":false},"excerpt":{"rendered":"<p>&ldquo;Tem muitas m&atilde;es que n&atilde;o t&ecirc;m condi&ccedil;&atilde;o de comprar o leite. Sou m&atilde;e de tr&ecirc;s filhos: Bianca, Elo&aacute; e Edmilson, e eles foram contemplados com o programa. &Agrave;s vezes, os filhos adoecem, n&atilde;o querem uma comida, mas tem um leite ali. Ent&atilde;o, ajuda muito a gente&rdquo;, celebra Sabrina Pereira Ferreira. Moradora de Te&oacute;filo Otoni, a [&hellip;]<\/p>\n","protected":false},"author":9,"featured_media":6242,"comment_status":"open","ping_status":"open","sticky":false,"template":"","format":"standard","meta":{"kia_subtitle":"Programa do Governo de Minas j\u00e1 distribuiu mais de 1,4 milh\u00e3o de litros de leite e repassou R$ 3 milh\u00f5es \u00e0 agricultura familiar","_FSMCFIC_featured_image_caption":"","_FSMCFIC_featured_image_nocaption":"","_FSMCFIC_featured_image_hide":""},"categories":[1],"tags":[],"_links":{"self":[{"href":"http:\/\/www.idene.mg.gov.br\/site\/wp-json\/wp\/v2\/posts\/6240"}],"collection":[{"href":"http:\/\/www.idene.mg.gov.br\/site\/wp-json\/wp\/v2\/posts"}],"about":[{"href":"http:\/\/www.idene.mg.gov.br\/site\/wp-json\/wp\/v2\/types\/post"}],"author":[{"embeddable":true,"href":"http:\/\/www.idene.mg.gov.br\/site\/wp-json\/wp\/v2\/users\/9"}],"replies":[{"embeddable":true,"href":"http:\/\/www.idene.mg.gov.br\/site\/wp-json\/wp\/v2\/comments?post=6240"}],"version-history":[{"count":4,"href":"http:\/\/www.idene.mg.gov.br\/site\/wp-json\/wp\/v2\/posts\/6240\/revisions"}],"predecessor-version":[{"id":6247,"href":"http:\/\/www.idene.mg.gov.br\/site\/wp-json\/wp\/v2\/posts\/6240\/revisions\/6247"}],"wp:featuredmedia":[{"embeddable":true,"href":"http:\/\/www.idene.mg.gov.br\/site\/wp-json\/wp\/v2\/media\/6242"}],"wp:attachment":[{"href":"http:\/\/www.idene.mg.gov.br\/site\/wp-json\/wp\/v2\/media?parent=6240"}],"wp:term":[{"taxonomy":"category","embeddable":true,"href":"http:\/\/www.idene.mg.gov.br\/site\/wp-json\/wp\/v2\/categories?post=6240"},{"taxonomy":"post_tag","embeddable":true,"href":"http:\/\/www.idene.mg.gov.br\/site\/wp-json\/wp\/v2\/tags?post=6240"}],"curies":[{"name":"wp","href":"https:\/\/api.w.org\/{rel}","templated":true}]}}